{"id":142208,"date":"2022-03-03T02:48:00","date_gmt":"2022-03-03T07:48:00","guid":{"rendered":"https:\/\/linitiative.ca\/International\/milan-ac-maldini-avoue-un-interet-du-barca-pour-kessie\/"},"modified":"2022-03-03T02:48:00","modified_gmt":"2022-03-03T07:48:00","slug":"milan-ac-maldini-avoue-un-interet-du-barca-pour-kessie","status":"publish","type":"post","link":"https:\/\/linitiative.ca\/International\/milan-ac-maldini-avoue-un-interet-du-barca-pour-kessie\/","title":{"rendered":"Milan AC : Maldini avoue un int\u00e9r\u00eat du Bar\u00e7a pour Kessi\u00e9"},"content":{"rendered":"<div>Le dirigeant de l&rsquo;AC Milan, Paolo Maldini, admet qu&rsquo;il n&rsquo;y a toujours pas d&rsquo;accord concernant Franck Kessie, alors que Barcelone s&rsquo;int\u00e9resse \u00e0 lui<\/div>\n<p>Auteur:<br \/>\n<a href=\"https:\/\/www.lebuteur.com\/article\/detail?titre=milan-ac-maldini-avoue-un-interet-du-barca-pour-kessie&#038;id=102415\">Cliquez ici pour lire l&rsquo;article depuis sa source.<\/a><\/p>\n","protected":false},"excerpt":{"rendered":"<p>Le dirigeant de l&rsquo;AC Milan, Paolo Maldini, admet qu&rsquo;il n&rsquo;y a toujours pas d&rsquo;accord concernant Franck Kessie, alors que Barcelone s&rsquo;int\u00e9resse \u00e0 lui Auteur: Cliquez ici pour lire l&rsquo;article depuis sa source.<\/p>\n","protected":false},"author":1738,"featured_media":0,"comment_status":"closed","ping_status":"closed","sticky":false,"template":"","format":"standard","meta":{"fifu_image_url":"","fifu_image_alt":"","footnotes":""},"categories":[53,75],"tags":[],"class_list":["post-142208","post","type-post","status-publish","format-standard","hentry","category-algerie","category-sport"],"_links":{"self":[{"href":"https:\/\/linitiative.ca\/International\/wp-json\/wp\/v2\/posts\/142208","targetHints":{"allow":["GET"]}}],"collection":[{"href":"https:\/\/linitiative.ca\/International\/wp-json\/wp\/v2\/posts"}],"about":[{"href":"https:\/\/linitiative.ca\/International\/wp-json\/wp\/v2\/types\/post"}],"author":[{"embeddable":true,"href":"https:\/\/linitiative.ca\/International\/wp-json\/wp\/v2\/users\/1738"}],"replies":[{"embeddable":true,"href":"https:\/\/linitiative.ca\/International\/wp-json\/wp\/v2\/comments?post=142208"}],"version-history":[{"count":0,"href":"https:\/\/linitiative.ca\/International\/wp-json\/wp\/v2\/posts\/142208\/revisions"}],"wp:attachment":[{"href":"https:\/\/linitiative.ca\/International\/wp-json\/wp\/v2\/media?parent=142208"}],"wp:term":[{"taxonomy":"category","embeddable":true,"href":"https:\/\/linitiative.ca\/International\/wp-json\/wp\/v2\/categories?post=142208"},{"taxonomy":"post_tag","embeddable":true,"href":"https:\/\/linitiative.ca\/International\/wp-json\/wp\/v2\/tags?post=142208"}],"curies":[{"name":"wp","href":"https:\/\/api.w.org\/{rel}","templated":true}]}}