{"id":142210,"date":"2022-03-03T06:05:00","date_gmt":"2022-03-03T11:05:00","guid":{"rendered":"https:\/\/linitiative.ca\/International\/le-grand-debalage-de-koeman-qui-sexprime-enfin-apres-son-limogeage-du-barca\/"},"modified":"2022-03-03T06:05:00","modified_gmt":"2022-03-03T11:05:00","slug":"le-grand-debalage-de-koeman-qui-sexprime-enfin-apres-son-limogeage-du-barca","status":"publish","type":"post","link":"https:\/\/linitiative.ca\/International\/le-grand-debalage-de-koeman-qui-sexprime-enfin-apres-son-limogeage-du-barca\/","title":{"rendered":"Le grand d\u00e9balage de Koeman qui s&rsquo;exprime enfin apr\u00e8s son limogeage du Bar\u00e7a"},"content":{"rendered":"<div>Ronald Koeman n&rsquo;a pas h\u00e9sit\u00e9 \u00e0 vider son sac&#8230;<\/div>\n<p>Auteur:<br \/>\n<a href=\"https:\/\/www.lebuteur.com\/article\/detail?titre=le-grand-debalage-de-koeman-qui-sexprime-enfin-apres-son-limogeage-du-barca&#038;id=102417\">Cliquez ici pour lire l&rsquo;article depuis sa source.<\/a><\/p>\n","protected":false},"excerpt":{"rendered":"<p>Ronald Koeman n&rsquo;a pas h\u00e9sit\u00e9 \u00e0 vider son sac&#8230; Auteur: Cliquez ici pour lire l&rsquo;article depuis sa source.<\/p>\n","protected":false},"author":1738,"featured_media":0,"comment_status":"closed","ping_status":"closed","sticky":false,"template":"","format":"standard","meta":{"fifu_image_url":"","fifu_image_alt":"","footnotes":""},"categories":[53,75],"tags":[],"class_list":["post-142210","post","type-post","status-publish","format-standard","hentry","category-algerie","category-sport"],"_links":{"self":[{"href":"https:\/\/linitiative.ca\/International\/wp-json\/wp\/v2\/posts\/142210","targetHints":{"allow":["GET"]}}],"collection":[{"href":"https:\/\/linitiative.ca\/International\/wp-json\/wp\/v2\/posts"}],"about":[{"href":"https:\/\/linitiative.ca\/International\/wp-json\/wp\/v2\/types\/post"}],"author":[{"embeddable":true,"href":"https:\/\/linitiative.ca\/International\/wp-json\/wp\/v2\/users\/1738"}],"replies":[{"embeddable":true,"href":"https:\/\/linitiative.ca\/International\/wp-json\/wp\/v2\/comments?post=142210"}],"version-history":[{"count":0,"href":"https:\/\/linitiative.ca\/International\/wp-json\/wp\/v2\/posts\/142210\/revisions"}],"wp:attachment":[{"href":"https:\/\/linitiative.ca\/International\/wp-json\/wp\/v2\/media?parent=142210"}],"wp:term":[{"taxonomy":"category","embeddable":true,"href":"https:\/\/linitiative.ca\/International\/wp-json\/wp\/v2\/categories?post=142210"},{"taxonomy":"post_tag","embeddable":true,"href":"https:\/\/linitiative.ca\/International\/wp-json\/wp\/v2\/tags?post=142210"}],"curies":[{"name":"wp","href":"https:\/\/api.w.org\/{rel}","templated":true}]}}