{"id":142211,"date":"2022-03-03T10:02:00","date_gmt":"2022-03-03T15:02:00","guid":{"rendered":"https:\/\/linitiative.ca\/International\/afif-bejaoui-nomme-president-executif-pour-la-filiale-tunisienne-du-groupe-bukhatir\/"},"modified":"2022-03-03T10:02:00","modified_gmt":"2022-03-03T15:02:00","slug":"afif-bejaoui-nomme-president-executif-pour-la-filiale-tunisienne-du-groupe-bukhatir","status":"publish","type":"post","link":"https:\/\/linitiative.ca\/International\/afif-bejaoui-nomme-president-executif-pour-la-filiale-tunisienne-du-groupe-bukhatir\/","title":{"rendered":"Afif Bejaoui nomm\u00e9 pr\u00e9sident ex\u00e9cutif pour la filiale tunisienne du Groupe Bukhatir"},"content":{"rendered":"<div><img decoding=\"async\" src=\"https:\/\/linitiative.ca\/International\/wp-content\/uploads\/sites\/23\/2022\/03\/1646316604_article.jpg\" alt=\" Afif Bejaoui nomm\u00e9 pr\u00e9sident ex\u00e9cutif pour la filiale tunisienne du Groupe Bukhatir\" align=\"left\">Relancer le projet multidimensionnel Tunis Sports City\u00a0et r\u00e9ussir ses diff\u00e9rentes composantes, sur plus de 250 ha, dans un site exceptionnel de la banlieue nord de Tunis. Telle est la nouvelle mission confi\u00e9e \u00e0 Afif Bejaoui, par Bukhatir Group, d\u00e9termin\u00e9 \u00e0 d\u00e9bloquer le projet. Nomm\u00e9 pr\u00e9sident ex\u00e9cutif (CEO) de la filiale tunisienne du Groupe, Bejaoui n\u2019ignore rien l\u2019ampleur du d\u00e9fi qu\u2019il lui appartient de relever, Depuis son entr\u00e9e en fonction, le 1er f\u00e9vrier dernier, il s\u2019y investit totalement. Il ne manque pas d\u2019atouts pour y r\u00e9ussir.<br \/>\nHEC, D.E.A. et Docteur en Management de Paris IX Dauphine, Afif Bejaoui jouit en effet d\u2019une solide exp\u00e9rience au &#8230;<\/p>\n<\/div>\n<p>Auteur:<br \/>\n<a href=\"https:\/\/www.leaders.com.tn\/article\/33036-afif-bejaoui-nomme-president-executif-pour-la-filiale-tunisienne-du-groupe-bukhatir\">Cliquez ici pour lire l&rsquo;article depuis sa source.<\/a><\/p>\n","protected":false},"excerpt":{"rendered":"<p>Relancer le projet multidimensionnel Tunis Sports City\u00a0et r\u00e9ussir ses diff\u00e9rentes composantes, sur plus de 250 ha, dans un site exceptionnel de la banlieue nord de Tunis. Telle est la nouvelle mission confi\u00e9e \u00e0 Afif Bejaoui, par Bukhatir Group, d\u00e9termin\u00e9 \u00e0 d\u00e9bloquer le projet. Nomm\u00e9 pr\u00e9sident ex\u00e9cutif (CEO) de la filiale tunisienne du Groupe, Bejaoui n\u2019ignore [&hellip;]<\/p>\n","protected":false},"author":1772,"featured_media":0,"comment_status":"closed","ping_status":"closed","sticky":false,"template":"","format":"standard","meta":{"fifu_image_url":"http:\/\/www.leaders.com.tn\/uploads\/content\/thumbnails_small\/1646316604_article.jpg","fifu_image_alt":"Afif Bejaoui nomm\u00e9 pr\u00e9sident ex\u00e9cutif pour la filiale tunisienne du Groupe Bukhatir","footnotes":""},"categories":[73,55],"tags":[],"class_list":["post-142211","post","type-post","status-publish","format-standard","hentry","category-actualite","category-tunisie"],"_links":{"self":[{"href":"https:\/\/linitiative.ca\/International\/wp-json\/wp\/v2\/posts\/142211","targetHints":{"allow":["GET"]}}],"collection":[{"href":"https:\/\/linitiative.ca\/International\/wp-json\/wp\/v2\/posts"}],"about":[{"href":"https:\/\/linitiative.ca\/International\/wp-json\/wp\/v2\/types\/post"}],"author":[{"embeddable":true,"href":"https:\/\/linitiative.ca\/International\/wp-json\/wp\/v2\/users\/1772"}],"replies":[{"embeddable":true,"href":"https:\/\/linitiative.ca\/International\/wp-json\/wp\/v2\/comments?post=142211"}],"version-history":[{"count":0,"href":"https:\/\/linitiative.ca\/International\/wp-json\/wp\/v2\/posts\/142211\/revisions"}],"wp:attachment":[{"href":"https:\/\/linitiative.ca\/International\/wp-json\/wp\/v2\/media?parent=142211"}],"wp:term":[{"taxonomy":"category","embeddable":true,"href":"https:\/\/linitiative.ca\/International\/wp-json\/wp\/v2\/categories?post=142211"},{"taxonomy":"post_tag","embeddable":true,"href":"https:\/\/linitiative.ca\/International\/wp-json\/wp\/v2\/tags?post=142211"}],"curies":[{"name":"wp","href":"https:\/\/api.w.org\/{rel}","templated":true}]}}