{"id":142213,"date":"2022-03-03T10:17:00","date_gmt":"2022-03-03T15:17:00","guid":{"rendered":"https:\/\/linitiative.ca\/International\/hr-expo-2022-topnet-signe-un-partenariat-strategique-avec-le-centre-national-de-formation-continue-et-de-promotion-professionnelle-cnfcpp\/"},"modified":"2022-03-03T10:17:00","modified_gmt":"2022-03-03T15:17:00","slug":"hr-expo-2022-topnet-signe-un-partenariat-strategique-avec-le-centre-national-de-formation-continue-et-de-promotion-professionnelle-cnfcpp","status":"publish","type":"post","link":"https:\/\/linitiative.ca\/International\/hr-expo-2022-topnet-signe-un-partenariat-strategique-avec-le-centre-national-de-formation-continue-et-de-promotion-professionnelle-cnfcpp\/","title":{"rendered":"HR EXPO 2022: TOPNET signe un partenariat strat\u00e9gique avec le Centre National de Formation Continue et de Promotion Professionnelle \u00abCNFCPP\u00bb"},"content":{"rendered":"<div><img decoding=\"async\" src=\"https:\/\/linitiative.ca\/International\/wp-content\/uploads\/sites\/23\/2022\/03\/1646318096_article.jpg\" alt=\"HR EXPO 2022 : TOPNET signe un partenariat strat\u00e9gique avec le Centre National de Formation Continue et de Promotion Professionnelle \u00abCNFCPP\u00bb \" align=\"left\">TOPNET, le leader des fournisseurs de Services Internet en Tunisie, a particip\u00e9 durant le 1 et 2 Mars 2022 \u00e0 la cit\u00e9 de la culture, pour la 15\u00e8me \u00e9dition du salon international du d\u00e9veloppement des ressources humaines \u00ab HR EXPO 2022 \u00bb la rencontre des professionnels des ressources humaines en Tunisie, ayant pour th\u00e8me : Le new deal en entreprise: Solutions Manag\u00e9riales et RH.<br \/>\nLe HR EXPO, officiellement inaugur\u00e9 par Monsieur Nasreddine Nsibi, Ministre de la formation professionnelle et de l\u2019emploi, a \u00e9t\u00e9 l\u2019occasion pour TOPNET de signer un partenariat strat\u00e9gique entre TOPNET et le Centre National de Formation Continue et de Promotion Professionnelle \u00abCNFCPP\u00bb afin &#8230;<\/p>\n<\/div>\n<p>Auteur:<br \/>\n<a href=\"https:\/\/www.leaders.com.tn\/article\/33037-hr-expo-2022-topnet-signe-un-partenariat-strategique-avec-le-centre-national-de-formation-continue-et-de-promotion-professionnelle-cnfcpp\">Cliquez ici pour lire l&rsquo;article depuis sa source.<\/a><\/p>\n","protected":false},"excerpt":{"rendered":"<p>TOPNET, le leader des fournisseurs de Services Internet en Tunisie, a particip\u00e9 durant le 1 et 2 Mars 2022 \u00e0 la cit\u00e9 de la culture, pour la 15\u00e8me \u00e9dition du salon international du d\u00e9veloppement des ressources humaines \u00ab HR EXPO 2022 \u00bb la rencontre des professionnels des ressources humaines en Tunisie, ayant pour th\u00e8me : [&hellip;]<\/p>\n","protected":false},"author":1772,"featured_media":0,"comment_status":"closed","ping_status":"closed","sticky":false,"template":"","format":"standard","meta":{"fifu_image_url":"http:\/\/www.leaders.com.tn\/uploads\/content\/thumbnails_small\/1646318096_article.jpg","fifu_image_alt":"HR EXPO 2022: TOPNET signe un partenariat strat\u00e9gique avec le Centre National de Formation Continue et de Promotion Professionnelle \u00abCNFCPP\u00bb","footnotes":""},"categories":[73,55],"tags":[],"class_list":["post-142213","post","type-post","status-publish","format-standard","hentry","category-actualite","category-tunisie"],"_links":{"self":[{"href":"https:\/\/linitiative.ca\/International\/wp-json\/wp\/v2\/posts\/142213","targetHints":{"allow":["GET"]}}],"collection":[{"href":"https:\/\/linitiative.ca\/International\/wp-json\/wp\/v2\/posts"}],"about":[{"href":"https:\/\/linitiative.ca\/International\/wp-json\/wp\/v2\/types\/post"}],"author":[{"embeddable":true,"href":"https:\/\/linitiative.ca\/International\/wp-json\/wp\/v2\/users\/1772"}],"replies":[{"embeddable":true,"href":"https:\/\/linitiative.ca\/International\/wp-json\/wp\/v2\/comments?post=142213"}],"version-history":[{"count":0,"href":"https:\/\/linitiative.ca\/International\/wp-json\/wp\/v2\/posts\/142213\/revisions"}],"wp:attachment":[{"href":"https:\/\/linitiative.ca\/International\/wp-json\/wp\/v2\/media?parent=142213"}],"wp:term":[{"taxonomy":"category","embeddable":true,"href":"https:\/\/linitiative.ca\/International\/wp-json\/wp\/v2\/categories?post=142213"},{"taxonomy":"post_tag","embeddable":true,"href":"https:\/\/linitiative.ca\/International\/wp-json\/wp\/v2\/tags?post=142213"}],"curies":[{"name":"wp","href":"https:\/\/api.w.org\/{rel}","templated":true}]}}