{"id":142217,"date":"2022-03-03T10:59:00","date_gmt":"2022-03-03T15:59:00","guid":{"rendered":"https:\/\/linitiative.ca\/International\/amen-bank-remporte-le-premier-prix-de-la-banque-verte-et-le-meilleur-projet-energetique-de-lannee\/"},"modified":"2022-03-03T10:59:00","modified_gmt":"2022-03-03T15:59:00","slug":"amen-bank-remporte-le-premier-prix-de-la-banque-verte-et-le-meilleur-projet-energetique-de-lannee","status":"publish","type":"post","link":"https:\/\/linitiative.ca\/International\/amen-bank-remporte-le-premier-prix-de-la-banque-verte-et-le-meilleur-projet-energetique-de-lannee\/","title":{"rendered":"Amen Bank, remporte le premier prix de la Banque Verte et le Meilleur Projet Energ\u00e9tique de l\u2019ann\u00e9e"},"content":{"rendered":"<div><img decoding=\"async\" src=\"https:\/\/linitiative.ca\/International\/wp-content\/uploads\/sites\/23\/2022\/03\/1646319750_article.jpg\" alt=\"Amen Bank, remporte le premier prix de la Banque Verte et le Meilleur Projet Energ\u00e9tique de l\u2019ann\u00e9e\" align=\"left\">Apr\u00e8s avoir obtenu plusieurs troph\u00e9es, au cours de l\u2019ann\u00e9e 2021, Amen Bank entame l\u2019ann\u00e9e 2022 avec deux nouvelles distinctions, celle du premier prix de la Banque Verte et celle du Meilleur Projet Energ\u00e9tique de l\u2019ann\u00e9e, tous les deux d\u00e9cern\u00e9s par le comit\u00e9 organisateur de la 3\u00e8me Edition WENERCON.<br \/>\nCette double distinction consacre:<br \/>\n\u2022 Le choix strat\u00e9gique d\u2019Amen Bank pour la promotion des projets d\u2019\u00e9nergies renouvelables, d\u2019efficacit\u00e9 \u00e9nerg\u00e9tique et de d\u00e9pollution,\u00a0<br \/>\n\u2022 Sa d\u00e9marche citoyenne visant \u00e0 int\u00e9grer la dimension humaine et le d\u00e9veloppement durable dans l\u2019exercice de ses activit\u00e9s.<br \/>\nLa r\u00e9ussite de ce choix a \u00e9t\u00e9 en outre, facilit\u00e9e par &#8230;<\/p>\n<\/div>\n<p>Auteur:<br \/>\n<a href=\"https:\/\/www.leaders.com.tn\/article\/33039-amen-bank-remporte-le-premier-prix-de-la-banque-verte-et-le-meilleur-projet-energetique-de-l-annee\">Cliquez ici pour lire l&rsquo;article depuis sa source.<\/a><\/p>\n","protected":false},"excerpt":{"rendered":"<p>Apr\u00e8s avoir obtenu plusieurs troph\u00e9es, au cours de l\u2019ann\u00e9e 2021, Amen Bank entame l\u2019ann\u00e9e 2022 avec deux nouvelles distinctions, celle du premier prix de la Banque Verte et celle du Meilleur Projet Energ\u00e9tique de l\u2019ann\u00e9e, tous les deux d\u00e9cern\u00e9s par le comit\u00e9 organisateur de la 3\u00e8me Edition WENERCON. Cette double distinction consacre: \u2022 Le choix [&hellip;]<\/p>\n","protected":false},"author":1772,"featured_media":0,"comment_status":"closed","ping_status":"closed","sticky":false,"template":"","format":"standard","meta":{"fifu_image_url":"http:\/\/www.leaders.com.tn\/uploads\/content\/thumbnails_small\/1646319750_article.jpg","fifu_image_alt":"Amen Bank, remporte le premier prix de la Banque Verte et le Meilleur Projet Energ\u00e9tique de l\u2019ann\u00e9e","footnotes":""},"categories":[73,55],"tags":[],"class_list":["post-142217","post","type-post","status-publish","format-standard","hentry","category-actualite","category-tunisie"],"_links":{"self":[{"href":"https:\/\/linitiative.ca\/International\/wp-json\/wp\/v2\/posts\/142217","targetHints":{"allow":["GET"]}}],"collection":[{"href":"https:\/\/linitiative.ca\/International\/wp-json\/wp\/v2\/posts"}],"about":[{"href":"https:\/\/linitiative.ca\/International\/wp-json\/wp\/v2\/types\/post"}],"author":[{"embeddable":true,"href":"https:\/\/linitiative.ca\/International\/wp-json\/wp\/v2\/users\/1772"}],"replies":[{"embeddable":true,"href":"https:\/\/linitiative.ca\/International\/wp-json\/wp\/v2\/comments?post=142217"}],"version-history":[{"count":0,"href":"https:\/\/linitiative.ca\/International\/wp-json\/wp\/v2\/posts\/142217\/revisions"}],"wp:attachment":[{"href":"https:\/\/linitiative.ca\/International\/wp-json\/wp\/v2\/media?parent=142217"}],"wp:term":[{"taxonomy":"category","embeddable":true,"href":"https:\/\/linitiative.ca\/International\/wp-json\/wp\/v2\/categories?post=142217"},{"taxonomy":"post_tag","embeddable":true,"href":"https:\/\/linitiative.ca\/International\/wp-json\/wp\/v2\/tags?post=142217"}],"curies":[{"name":"wp","href":"https:\/\/api.w.org\/{rel}","templated":true}]}}