{"id":142219,"date":"2022-03-03T15:30:00","date_gmt":"2022-03-03T20:30:00","guid":{"rendered":"https:\/\/linitiative.ca\/International\/la-crise-constitutionnelle-en-tunisie-quel-avenir-pour-la-democratie-et-letat-de-droit-album-photos\/"},"modified":"2022-03-03T15:30:00","modified_gmt":"2022-03-03T20:30:00","slug":"la-crise-constitutionnelle-en-tunisie-quel-avenir-pour-la-democratie-et-letat-de-droit-album-photos","status":"publish","type":"post","link":"https:\/\/linitiative.ca\/International\/la-crise-constitutionnelle-en-tunisie-quel-avenir-pour-la-democratie-et-letat-de-droit-album-photos\/","title":{"rendered":"La crise constitutionnelle en Tunisie: Quel avenir pour la d\u00e9mocratie et l\u2019Etat de droit ? (Album photos)"},"content":{"rendered":"<div><img decoding=\"async\" src=\"https:\/\/linitiative.ca\/International\/wp-content\/uploads\/sites\/23\/2022\/03\/1646337058_article.jpg\" alt=\"La crise constitutionnelle en Tunisie: Quel avenir de la d\u00e9mocratie et l\u2019Etat de droit ? Colloque international des 25 et 26 f\u00e9vrier 2022\" align=\"left\">Par Ouissal Ezzine &#8211; La \u00ab\u00a0R\u00e9volution du Jasmin\u00a0\u00bb de 2011 avait chass\u00e9 du pouvoir autocratique, mettant la Tunisie sur la voie d&rsquo;une d\u00e9mocratisation.<br \/>\nEn revanche, depuis l&rsquo;arriv\u00e9e au pouvoir en 2019 d&rsquo;une Assembl\u00e9e fragment\u00e9e et d&rsquo;un pr\u00e9sident ind\u00e9pendant des partis, le pays s&rsquo;est enfonc\u00e9 dans un insoluble blocage institutionnel et politique creus\u00e9 d\u2019une panoplie de difficult\u00e9s \u00e9conomiques et sociales, aggrav\u00e9es par l&rsquo;\u00e9pid\u00e9mie.<br \/>\nCe processus d\u00e9mocratique en Tunisie, amorc\u00e9 en 2011 avec la transition d\u00e9mocratique et confirm\u00e9 en 2014 avec l\u2019adoption de la constitution du 27 janvier 2014 ainsi que l\u2019organisation des premi\u00e8res \u00e9lections libres transparentes a surv\u00e9cu &#8230;<\/p>\n<\/div>\n<p>Auteur:<br \/>\n<a href=\"https:\/\/www.leaders.com.tn\/article\/33040-la-crise-constitutionnelle-en-tunisie-quel-avenir-de-la-democratie-et-l-etat-de-droit-colloque-international-des-25-et-26-fevrier-2022\">Cliquez ici pour lire l&rsquo;article depuis sa source.<\/a><\/p>\n","protected":false},"excerpt":{"rendered":"<p>Par Ouissal Ezzine &#8211; La \u00ab\u00a0R\u00e9volution du Jasmin\u00a0\u00bb de 2011 avait chass\u00e9 du pouvoir autocratique, mettant la Tunisie sur la voie d&rsquo;une d\u00e9mocratisation. En revanche, depuis l&rsquo;arriv\u00e9e au pouvoir en 2019 d&rsquo;une Assembl\u00e9e fragment\u00e9e et d&rsquo;un pr\u00e9sident ind\u00e9pendant des partis, le pays s&rsquo;est enfonc\u00e9 dans un insoluble blocage institutionnel et politique creus\u00e9 d\u2019une panoplie de [&hellip;]<\/p>\n","protected":false},"author":1772,"featured_media":0,"comment_status":"closed","ping_status":"closed","sticky":false,"template":"","format":"standard","meta":{"fifu_image_url":"http:\/\/www.leaders.com.tn\/uploads\/content\/thumbnails_small\/1646337058_article.jpg","fifu_image_alt":"La crise constitutionnelle en Tunisie: Quel avenir pour la d\u00e9mocratie et l\u2019Etat de droit ? (Album photos)","footnotes":""},"categories":[73,55],"tags":[],"class_list":["post-142219","post","type-post","status-publish","format-standard","hentry","category-actualite","category-tunisie"],"_links":{"self":[{"href":"https:\/\/linitiative.ca\/International\/wp-json\/wp\/v2\/posts\/142219","targetHints":{"allow":["GET"]}}],"collection":[{"href":"https:\/\/linitiative.ca\/International\/wp-json\/wp\/v2\/posts"}],"about":[{"href":"https:\/\/linitiative.ca\/International\/wp-json\/wp\/v2\/types\/post"}],"author":[{"embeddable":true,"href":"https:\/\/linitiative.ca\/International\/wp-json\/wp\/v2\/users\/1772"}],"replies":[{"embeddable":true,"href":"https:\/\/linitiative.ca\/International\/wp-json\/wp\/v2\/comments?post=142219"}],"version-history":[{"count":0,"href":"https:\/\/linitiative.ca\/International\/wp-json\/wp\/v2\/posts\/142219\/revisions"}],"wp:attachment":[{"href":"https:\/\/linitiative.ca\/International\/wp-json\/wp\/v2\/media?parent=142219"}],"wp:term":[{"taxonomy":"category","embeddable":true,"href":"https:\/\/linitiative.ca\/International\/wp-json\/wp\/v2\/categories?post=142219"},{"taxonomy":"post_tag","embeddable":true,"href":"https:\/\/linitiative.ca\/International\/wp-json\/wp\/v2\/tags?post=142219"}],"curies":[{"name":"wp","href":"https:\/\/api.w.org\/{rel}","templated":true}]}}