{"id":142223,"date":"2022-03-03T08:41:40","date_gmt":"2022-03-03T13:41:40","guid":{"rendered":"https:\/\/linitiative.ca\/International\/khalid-zazou-la-loi-de-finances-de-2022-est-le-1er-jalon-du-processus-de-reforme-fiscale\/"},"modified":"2022-03-03T08:41:40","modified_gmt":"2022-03-03T13:41:40","slug":"khalid-zazou-la-loi-de-finances-de-2022-est-le-1er-jalon-du-processus-de-reforme-fiscale","status":"publish","type":"post","link":"https:\/\/linitiative.ca\/International\/khalid-zazou-la-loi-de-finances-de-2022-est-le-1er-jalon-du-processus-de-reforme-fiscale\/","title":{"rendered":"Khalid ZAZOU : \u00ab La Loi de Finances de 2022 est le 1er jalon du processus de r\u00e9forme fiscale \u00bb"},"content":{"rendered":"<div><img decoding=\"async\" width=\"1282\" height=\"781\" src=\"https:\/\/linitiative.ca\/International\/wp-content\/uploads\/sites\/23\/2022\/03\/Khalid-Zazou-DG-de-la-DGI.jpg\" class=\"attachment-post-thumbnail size-post-thumbnail wp-post-image\" alt=\"\" loading=\"lazy\" srcset=\"https:\/\/linitiative.ca\/International\/wp-content\/uploads\/sites\/23\/2022\/03\/Khalid-Zazou-DG-de-la-DGI.jpg 1282w, https:\/\/www.challenge.ma\/wp-content\/uploads\/2022\/02\/Khalid-Zazou-DG-de-la-DGI-300x183.jpg 300w, https:\/\/www.challenge.ma\/wp-content\/uploads\/2022\/02\/Khalid-Zazou-DG-de-la-DGI-1024x624.jpg 1024w, https:\/\/www.challenge.ma\/wp-content\/uploads\/2022\/02\/Khalid-Zazou-DG-de-la-DGI-768x468.jpg 768w, https:\/\/www.challenge.ma\/wp-content\/uploads\/2022\/02\/Khalid-Zazou-DG-de-la-DGI-360x219.jpg 360w, https:\/\/www.challenge.ma\/wp-content\/uploads\/2022\/02\/Khalid-Zazou-DG-de-la-DGI-750x457.jpg 750w\" sizes=\"auto, (max-width: 1282px) 100vw, 1282px\" itemprop=\"image\">Adopt\u00e9e au mois de juillet de l\u2019ann\u00e9e 2021, la loi-cadre portant r\u00e9forme fiscale, s\u2019appuie \u00e0 travers ses axes sur les principales recommandations retenues \u00e0 l\u2019issue des Assises nationales sur la fiscalit\u00e9, tenues au mois de mai 2019 et que le gouvernement actuel s\u2019est engag\u00e9 \u00e0 entamer cette r\u00e9forme d\u00e8s 2022.<\/div>\n<p>Auteur: Adama Sylla<br \/>\n<a href=\"https:\/\/www.challenge.ma\/khalid-zazou-la-loi-de-finances-de-2022-est-le-1er-jalon-du-processus-de-reforme-fiscale-233403\/\">Cliquez ici pour lire l&rsquo;article depuis sa source.<\/a><\/p>\n","protected":false},"excerpt":{"rendered":"<p>Adopt\u00e9e au mois de juillet de l\u2019ann\u00e9e 2021, la loi-cadre portant r\u00e9forme fiscale, s\u2019appuie \u00e0 travers ses axes sur les principales recommandations retenues \u00e0 l\u2019issue des Assises nationales sur la fiscalit\u00e9, tenues au mois de mai 2019 et que le gouvernement actuel s\u2019est engag\u00e9 \u00e0 entamer cette r\u00e9forme d\u00e8s 2022. Auteur: Adama Sylla Cliquez ici [&hellip;]<\/p>\n","protected":false},"author":1787,"featured_media":0,"comment_status":"closed","ping_status":"closed","sticky":false,"template":"","format":"standard","meta":{"fifu_image_url":"https:\/\/www.challenge.ma\/wp-content\/uploads\/2022\/02\/Khalid-Zazou-DG-de-la-DGI.jpg","fifu_image_alt":"Khalid ZAZOU : \u00ab La Loi de Finances de 2022 est le 1er jalon du processus de r\u00e9forme fiscale \u00bb","footnotes":""},"categories":[78,54],"tags":[],"class_list":["post-142223","post","type-post","status-publish","format-standard","hentry","category-economie","category-maroc"],"_links":{"self":[{"href":"https:\/\/linitiative.ca\/International\/wp-json\/wp\/v2\/posts\/142223","targetHints":{"allow":["GET"]}}],"collection":[{"href":"https:\/\/linitiative.ca\/International\/wp-json\/wp\/v2\/posts"}],"about":[{"href":"https:\/\/linitiative.ca\/International\/wp-json\/wp\/v2\/types\/post"}],"author":[{"embeddable":true,"href":"https:\/\/linitiative.ca\/International\/wp-json\/wp\/v2\/users\/1787"}],"replies":[{"embeddable":true,"href":"https:\/\/linitiative.ca\/International\/wp-json\/wp\/v2\/comments?post=142223"}],"version-history":[{"count":0,"href":"https:\/\/linitiative.ca\/International\/wp-json\/wp\/v2\/posts\/142223\/revisions"}],"wp:attachment":[{"href":"https:\/\/linitiative.ca\/International\/wp-json\/wp\/v2\/media?parent=142223"}],"wp:term":[{"taxonomy":"category","embeddable":true,"href":"https:\/\/linitiative.ca\/International\/wp-json\/wp\/v2\/categories?post=142223"},{"taxonomy":"post_tag","embeddable":true,"href":"https:\/\/linitiative.ca\/International\/wp-json\/wp\/v2\/tags?post=142223"}],"curies":[{"name":"wp","href":"https:\/\/api.w.org\/{rel}","templated":true}]}}