{"id":142232,"date":"2022-03-03T17:00:54","date_gmt":"2022-03-03T22:00:54","guid":{"rendered":"https:\/\/linitiative.ca\/International\/apres-la-deterioration-des-relations-entre-la-russie-et-les-pays-occidentaux-la-coree-du-nord-se-prepare-a-la-guerre\/"},"modified":"2022-03-03T17:00:54","modified_gmt":"2022-03-03T22:00:54","slug":"apres-la-deterioration-des-relations-entre-la-russie-et-les-pays-occidentaux-la-coree-du-nord-se-prepare-a-la-guerre","status":"publish","type":"post","link":"https:\/\/linitiative.ca\/International\/apres-la-deterioration-des-relations-entre-la-russie-et-les-pays-occidentaux-la-coree-du-nord-se-prepare-a-la-guerre\/","title":{"rendered":"Apr\u00e8s la d\u00e9t\u00e9rioration des relations entre la Russie et les pays occidentaux : la Cor\u00e9e du Nord se pr\u00e9pare \u00e0 la guerre!"},"content":{"rendered":"<div>\n<p>Le parti au pouvoir en Cor\u00e9e du Nord a ordonn\u00e9 ce jeudi 03 mars 2022 tous les responsables de se pr\u00e9parer \u00e0 la mobilisation et m\u00eame \u00e0 la guerre, suite \u00e0 la d\u00e9t\u00e9rioration des relations entre la Russie et les pays occidentaux concernant l\u2019invasion russe de l\u2019Ukraine. La radio Asie Libre a report\u00e9 que des [\u2026]<\/p>\n<p>L\u2019article <a href=\"https:\/\/www.tunisienumerique.com\/apres-la-deterioration-des-relations-entre-la-russie-et-les-pays-occidentaux-la-coree-du-nord-se-prepare-a-la-guerre\/\">Apr\u00e8s la d\u00e9t\u00e9rioration des relations entre la Russie et les pays occidentaux : la Cor\u00e9e du Nord se pr\u00e9pare \u00e0 la guerre!<\/a> est apparu en premier sur <a href=\"https:\/\/www.tunisienumerique.com\/\">Tunisie<\/a>.<\/p>\n<\/div>\n<p>Auteur: rania ben slimane<br \/>\n<a href=\"https:\/\/www.tunisienumerique.com\/apres-la-deterioration-des-relations-entre-la-russie-et-les-pays-occidentaux-la-coree-du-nord-se-prepare-a-la-guerre\/\">Cliquez ici pour lire l&rsquo;article depuis sa source.<\/a><\/p>\n","protected":false},"excerpt":{"rendered":"<p>Le parti au pouvoir en Cor\u00e9e du Nord a ordonn\u00e9 ce jeudi 03 mars 2022 tous les responsables de se pr\u00e9parer \u00e0 la mobilisation et m\u00eame \u00e0 la guerre, suite \u00e0 la d\u00e9t\u00e9rioration des relations entre la Russie et les pays occidentaux concernant l\u2019invasion russe de l\u2019Ukraine. La radio Asie Libre a report\u00e9 que des [&hellip;]<\/p>\n","protected":false},"author":1789,"featured_media":0,"comment_status":"closed","ping_status":"closed","sticky":false,"template":"","format":"standard","meta":{"fifu_image_url":"","fifu_image_alt":"","footnotes":""},"categories":[73,55],"tags":[],"class_list":["post-142232","post","type-post","status-publish","format-standard","hentry","category-actualite","category-tunisie"],"_links":{"self":[{"href":"https:\/\/linitiative.ca\/International\/wp-json\/wp\/v2\/posts\/142232","targetHints":{"allow":["GET"]}}],"collection":[{"href":"https:\/\/linitiative.ca\/International\/wp-json\/wp\/v2\/posts"}],"about":[{"href":"https:\/\/linitiative.ca\/International\/wp-json\/wp\/v2\/types\/post"}],"author":[{"embeddable":true,"href":"https:\/\/linitiative.ca\/International\/wp-json\/wp\/v2\/users\/1789"}],"replies":[{"embeddable":true,"href":"https:\/\/linitiative.ca\/International\/wp-json\/wp\/v2\/comments?post=142232"}],"version-history":[{"count":0,"href":"https:\/\/linitiative.ca\/International\/wp-json\/wp\/v2\/posts\/142232\/revisions"}],"wp:attachment":[{"href":"https:\/\/linitiative.ca\/International\/wp-json\/wp\/v2\/media?parent=142232"}],"wp:term":[{"taxonomy":"category","embeddable":true,"href":"https:\/\/linitiative.ca\/International\/wp-json\/wp\/v2\/categories?post=142232"},{"taxonomy":"post_tag","embeddable":true,"href":"https:\/\/linitiative.ca\/International\/wp-json\/wp\/v2\/tags?post=142232"}],"curies":[{"name":"wp","href":"https:\/\/api.w.org\/{rel}","templated":true}]}}