{"id":142233,"date":"2022-03-03T17:05:52","date_gmt":"2022-03-03T22:05:52","guid":{"rendered":"https:\/\/linitiative.ca\/International\/barrages-mondialistes-europe-la-russie-va-saisir-le-tas\/"},"modified":"2022-03-03T17:05:52","modified_gmt":"2022-03-03T22:05:52","slug":"barrages-mondialistes-europe-la-russie-va-saisir-le-tas","status":"publish","type":"post","link":"https:\/\/linitiative.ca\/International\/barrages-mondialistes-europe-la-russie-va-saisir-le-tas\/","title":{"rendered":"Barrages mondialistes \u2013 Europe : La Russie va saisir le TAS !"},"content":{"rendered":"<div>\n<p>Les russes ne restent plus les bras crois\u00e9s et passeront \u00e0 l\u2019offensive. Suite \u00e0 leur exclusion de toute comp\u00e9tition internationale jusqu\u2019\u00e0 nouvel ordre par la FIFA, ils ont d\u00e9cid\u00e9 de faire appel au Tribunal arbitral du sport (TAS) \u00e0 propos de ce dossier. La F\u00e9d\u00e9ration russe de football (RFU) a estime dans son communiqu\u00e9 ce [\u2026]<\/p>\n<p>L\u2019article <a href=\"https:\/\/sport.tunisienumerique.com\/barrages-mondialistes-europe-la-russie-va-saisir-le-tas\/\">Barrages mondialistes \u2013 Europe : La Russie va saisir le TAS !<\/a> est apparu en premier sur <a href=\"https:\/\/www.tunisienumerique.com\/\">Tunisie<\/a>.<\/p>\n<\/div>\n<p>Auteur: Hamza Ben Khlifa<br \/>\n<a href=\"https:\/\/sport.tunisienumerique.com\/barrages-mondialistes-europe-la-russie-va-saisir-le-tas\/\">Cliquez ici pour lire l&rsquo;article depuis sa source.<\/a><\/p>\n","protected":false},"excerpt":{"rendered":"<p>Les russes ne restent plus les bras crois\u00e9s et passeront \u00e0 l\u2019offensive. Suite \u00e0 leur exclusion de toute comp\u00e9tition internationale jusqu\u2019\u00e0 nouvel ordre par la FIFA, ils ont d\u00e9cid\u00e9 de faire appel au Tribunal arbitral du sport (TAS) \u00e0 propos de ce dossier. La F\u00e9d\u00e9ration russe de football (RFU) a estime dans son communiqu\u00e9 ce [&hellip;]<\/p>\n","protected":false},"author":1789,"featured_media":0,"comment_status":"closed","ping_status":"closed","sticky":false,"template":"","format":"standard","meta":{"fifu_image_url":"","fifu_image_alt":"","footnotes":""},"categories":[73,55],"tags":[],"class_list":["post-142233","post","type-post","status-publish","format-standard","hentry","category-actualite","category-tunisie"],"_links":{"self":[{"href":"https:\/\/linitiative.ca\/International\/wp-json\/wp\/v2\/posts\/142233","targetHints":{"allow":["GET"]}}],"collection":[{"href":"https:\/\/linitiative.ca\/International\/wp-json\/wp\/v2\/posts"}],"about":[{"href":"https:\/\/linitiative.ca\/International\/wp-json\/wp\/v2\/types\/post"}],"author":[{"embeddable":true,"href":"https:\/\/linitiative.ca\/International\/wp-json\/wp\/v2\/users\/1789"}],"replies":[{"embeddable":true,"href":"https:\/\/linitiative.ca\/International\/wp-json\/wp\/v2\/comments?post=142233"}],"version-history":[{"count":0,"href":"https:\/\/linitiative.ca\/International\/wp-json\/wp\/v2\/posts\/142233\/revisions"}],"wp:attachment":[{"href":"https:\/\/linitiative.ca\/International\/wp-json\/wp\/v2\/media?parent=142233"}],"wp:term":[{"taxonomy":"category","embeddable":true,"href":"https:\/\/linitiative.ca\/International\/wp-json\/wp\/v2\/categories?post=142233"},{"taxonomy":"post_tag","embeddable":true,"href":"https:\/\/linitiative.ca\/International\/wp-json\/wp\/v2\/tags?post=142233"}],"curies":[{"name":"wp","href":"https:\/\/api.w.org\/{rel}","templated":true}]}}