{"id":142234,"date":"2022-03-03T17:18:27","date_gmt":"2022-03-03T22:18:27","guid":{"rendered":"https:\/\/linitiative.ca\/International\/barrages-mondialistes-afrique-lannulation-de-la-loi-du-but-marque-a-lexterieur\/"},"modified":"2022-03-03T17:18:27","modified_gmt":"2022-03-03T22:18:27","slug":"barrages-mondialistes-afrique-lannulation-de-la-loi-du-but-marque-a-lexterieur","status":"publish","type":"post","link":"https:\/\/linitiative.ca\/International\/barrages-mondialistes-afrique-lannulation-de-la-loi-du-but-marque-a-lexterieur\/","title":{"rendered":"Barrages mondialistes \u2013 Afrique : l\u2019annulation de la loi du but marqu\u00e9 \u00e0 l\u2019ext\u00e9rieur !!"},"content":{"rendered":"<div>\n<p>Selon les coulisses de la CAF, l\u2019annulation de la loi du but \u00e0 l\u2019ext\u00e9rieur, adopt\u00e9e en Europe par l\u2019UEFA, pourrait prendre place aussi en Afrique. L\u2019instance africaine serait entrain d\u2019\u00e9tudier cette possibilit\u00e9 et la Fifa ne serait pas du tout oppos\u00e9e \u00e0 cette id\u00e9e, et ce lors des doubles confrontations des barrages mondialistes \u00e0 la [\u2026]<\/p>\n<p>L\u2019article <a href=\"https:\/\/sport.tunisienumerique.com\/barrages-mondialistes-afrique-lannulation-de-la-loi-du-but-marque-a-lexterieur\/\">Barrages mondialistes \u2013 Afrique : l\u2019annulation de la loi du but marqu\u00e9 \u00e0 l\u2019ext\u00e9rieur !!<\/a> est apparu en premier sur <a href=\"https:\/\/www.tunisienumerique.com\/\">Tunisie<\/a>.<\/p>\n<\/div>\n<p>Auteur: Hamza Ben Khlifa<br \/>\n<a href=\"https:\/\/sport.tunisienumerique.com\/barrages-mondialistes-afrique-lannulation-de-la-loi-du-but-marque-a-lexterieur\/\">Cliquez ici pour lire l&rsquo;article depuis sa source.<\/a><\/p>\n","protected":false},"excerpt":{"rendered":"<p>Selon les coulisses de la CAF, l\u2019annulation de la loi du but \u00e0 l\u2019ext\u00e9rieur, adopt\u00e9e en Europe par l\u2019UEFA, pourrait prendre place aussi en Afrique. L\u2019instance africaine serait entrain d\u2019\u00e9tudier cette possibilit\u00e9 et la Fifa ne serait pas du tout oppos\u00e9e \u00e0 cette id\u00e9e, et ce lors des doubles confrontations des barrages mondialistes \u00e0 la [&hellip;]<\/p>\n","protected":false},"author":1789,"featured_media":0,"comment_status":"closed","ping_status":"closed","sticky":false,"template":"","format":"standard","meta":{"fifu_image_url":"","fifu_image_alt":"","footnotes":""},"categories":[73,55],"tags":[],"class_list":["post-142234","post","type-post","status-publish","format-standard","hentry","category-actualite","category-tunisie"],"_links":{"self":[{"href":"https:\/\/linitiative.ca\/International\/wp-json\/wp\/v2\/posts\/142234","targetHints":{"allow":["GET"]}}],"collection":[{"href":"https:\/\/linitiative.ca\/International\/wp-json\/wp\/v2\/posts"}],"about":[{"href":"https:\/\/linitiative.ca\/International\/wp-json\/wp\/v2\/types\/post"}],"author":[{"embeddable":true,"href":"https:\/\/linitiative.ca\/International\/wp-json\/wp\/v2\/users\/1789"}],"replies":[{"embeddable":true,"href":"https:\/\/linitiative.ca\/International\/wp-json\/wp\/v2\/comments?post=142234"}],"version-history":[{"count":0,"href":"https:\/\/linitiative.ca\/International\/wp-json\/wp\/v2\/posts\/142234\/revisions"}],"wp:attachment":[{"href":"https:\/\/linitiative.ca\/International\/wp-json\/wp\/v2\/media?parent=142234"}],"wp:term":[{"taxonomy":"category","embeddable":true,"href":"https:\/\/linitiative.ca\/International\/wp-json\/wp\/v2\/categories?post=142234"},{"taxonomy":"post_tag","embeddable":true,"href":"https:\/\/linitiative.ca\/International\/wp-json\/wp\/v2\/tags?post=142234"}],"curies":[{"name":"wp","href":"https:\/\/api.w.org\/{rel}","templated":true}]}}