{"id":142236,"date":"2022-03-03T14:30:10","date_gmt":"2022-03-03T19:30:10","guid":{"rendered":"https:\/\/linitiative.ca\/International\/polemique-autour-de-linvestiture-et-de-la-prestation-de-serment-de-damiba-et-si-on-allait-a-lessentiel\/"},"modified":"2022-03-03T14:30:10","modified_gmt":"2022-03-03T19:30:10","slug":"polemique-autour-de-linvestiture-et-de-la-prestation-de-serment-de-damiba-et-si-on-allait-a-lessentiel","status":"publish","type":"post","link":"https:\/\/linitiative.ca\/International\/polemique-autour-de-linvestiture-et-de-la-prestation-de-serment-de-damiba-et-si-on-allait-a-lessentiel\/","title":{"rendered":"POLEMIQUE AUTOUR DE L\u2019INVESTITURE ET DE LA PRESTATION DE SERMENT DE DAMIBA : Et si on allait \u00e0 l\u2019essentiel\u00a0?  \u00a0"},"content":{"rendered":"<div>\n<p><img decoding=\"async\" width=\"640\" height=\"960\" src=\"https:\/\/linitiative.ca\/International\/wp-content\/uploads\/sites\/23\/2022\/03\/DAMIBA-1.jpg\" class=\"attachment- size- wp-post-image\" alt=\"\" loading=\"lazy\" style=\"float:left; margin:0 15px 15px 0;\" srcset=\"https:\/\/linitiative.ca\/International\/wp-content\/uploads\/sites\/23\/2022\/03\/DAMIBA-1.jpg 640w, https:\/\/lepays.bf\/wp-content\/uploads\/2022\/03\/DAMIBA-1-200x300.jpg 200w\" sizes=\"auto, (max-width: 640px) 100vw, 640px\">Depuis la prestation de serment de Paul-Henri Sandaogo Damiba devant le Conseil constitutionnel, le d\u00e9bat fait rage. A coups de d\u00e9clarations ou de conf\u00e9rences de presse, les juristes n\u2019ont de cesse de s\u2019\u00e9triper tant et si bien que l\u2019on ne sait plus \u00e0 qui se [\u2026]<\/p>\n<p>L\u2019article <a rel=\"nofollow\" href=\"https:\/\/lepays.bf\/polemique-autour-de-linvestiture-et-de-la-prestation-de-serment-de-damiba-et-si-on-allait-a-lessentiel\/\">POLEMIQUE AUTOUR DE L\u2019INVESTITURE ET DE LA PRESTATION DE SERMENT DE DAMIBA : Et si on allait \u00e0 l\u2019essentiel\u00a0?  \u00a0<\/a> est apparu en premier sur <a rel=\"nofollow\" href=\"https:\/\/lepays.bf\/\">Editions Le Pays<\/a>.<\/p>\n<\/div>\n<p>Auteur: Editions LEPAYS<br \/>\n<a href=\"https:\/\/lepays.bf\/polemique-autour-de-linvestiture-et-de-la-prestation-de-serment-de-damiba-et-si-on-allait-a-lessentiel\/\">Cliquez ici pour lire l&rsquo;article depuis sa source.<\/a><\/p>\n","protected":false},"excerpt":{"rendered":"<p>Depuis la prestation de serment de Paul-Henri Sandaogo Damiba devant le Conseil constitutionnel, le d\u00e9bat fait rage. A coups de d\u00e9clarations ou de conf\u00e9rences de presse, les juristes n\u2019ont de cesse de s\u2019\u00e9triper tant et si bien que l\u2019on ne sait plus \u00e0 qui se [\u2026] L\u2019article POLEMIQUE AUTOUR DE L\u2019INVESTITURE ET DE LA PRESTATION [&hellip;]<\/p>\n","protected":false},"author":1813,"featured_media":0,"comment_status":"closed","ping_status":"closed","sticky":false,"template":"","format":"standard","meta":{"fifu_image_url":"https:\/\/lepays.bf\/wp-content\/uploads\/2022\/03\/DAMIBA-1.jpg","fifu_image_alt":"POLEMIQUE AUTOUR DE L\u2019INVESTITURE ET DE LA PRESTATION DE SERMENT DE DAMIBA : Et si on allait \u00e0 l\u2019essentiel\u00a0?  \u00a0","footnotes":""},"categories":[73,81],"tags":[],"class_list":["post-142236","post","type-post","status-publish","format-standard","hentry","category-actualite","category-burkina-faso"],"_links":{"self":[{"href":"https:\/\/linitiative.ca\/International\/wp-json\/wp\/v2\/posts\/142236","targetHints":{"allow":["GET"]}}],"collection":[{"href":"https:\/\/linitiative.ca\/International\/wp-json\/wp\/v2\/posts"}],"about":[{"href":"https:\/\/linitiative.ca\/International\/wp-json\/wp\/v2\/types\/post"}],"author":[{"embeddable":true,"href":"https:\/\/linitiative.ca\/International\/wp-json\/wp\/v2\/users\/1813"}],"replies":[{"embeddable":true,"href":"https:\/\/linitiative.ca\/International\/wp-json\/wp\/v2\/comments?post=142236"}],"version-history":[{"count":0,"href":"https:\/\/linitiative.ca\/International\/wp-json\/wp\/v2\/posts\/142236\/revisions"}],"wp:attachment":[{"href":"https:\/\/linitiative.ca\/International\/wp-json\/wp\/v2\/media?parent=142236"}],"wp:term":[{"taxonomy":"category","embeddable":true,"href":"https:\/\/linitiative.ca\/International\/wp-json\/wp\/v2\/categories?post=142236"},{"taxonomy":"post_tag","embeddable":true,"href":"https:\/\/linitiative.ca\/International\/wp-json\/wp\/v2\/tags?post=142236"}],"curies":[{"name":"wp","href":"https:\/\/api.w.org\/{rel}","templated":true}]}}