{"id":142240,"date":"2022-03-03T14:38:28","date_gmt":"2022-03-03T19:38:28","guid":{"rendered":"https:\/\/linitiative.ca\/International\/suspension-du-proces-sankara-suite-a-une-requete-soulevee-par-la-defense-la-rancon-de-la-legalisation-du-coup-detat\/"},"modified":"2022-03-03T14:38:28","modified_gmt":"2022-03-03T19:38:28","slug":"suspension-du-proces-sankara-suite-a-une-requete-soulevee-par-la-defense-la-rancon-de-la-legalisation-du-coup-detat","status":"publish","type":"post","link":"https:\/\/linitiative.ca\/International\/suspension-du-proces-sankara-suite-a-une-requete-soulevee-par-la-defense-la-rancon-de-la-legalisation-du-coup-detat\/","title":{"rendered":"SUSPENSION DU PROCES SANKARA SUITE A UNE REQUETE SOULEVEE PAR LA DEFENSE : La ran\u00e7on de la l\u00e9galisation du coup d\u2019Etat"},"content":{"rendered":"<div>\n<p><img loading=\"lazy\" decoding=\"async\" width=\"640\" height=\"480\" src=\"https:\/\/linitiative.ca\/International\/wp-content\/uploads\/sites\/23\/2022\/03\/Proces.jpg\" class=\"attachment- size- wp-post-image\" alt=\"\" style=\"float:left; margin:0 15px 15px 0;\" srcset=\"https:\/\/linitiative.ca\/International\/wp-content\/uploads\/sites\/23\/2022\/03\/Proces.jpg 640w, https:\/\/lepays.bf\/wp-content\/uploads\/2022\/03\/Proces-300x225.jpg 300w\" sizes=\"auto, (max-width: 640px) 100vw, 640px\">Suspendu le 8 f\u00e9vrier dernier apr\u00e8s les r\u00e9quisitions du parquet dans lesquelles 20 ans et 30 ans de prison ont \u00e9t\u00e9 requis respectivement contre Gilbert Diend\u00e9r\u00e9, Blaise Compaor\u00e9 et Hyacinthe Kafando, le proc\u00e8s de l\u2019assassinat de Thomas Sankara a repris, hier, 3 mars, \u00e0 9h, [\u2026]<\/p>\n<p>L\u2019article <a rel=\"nofollow\" href=\"https:\/\/lepays.bf\/suspension-du-proces-sankara-suite-a-une-requete-soulevee-par-la-defense-la-rancon-de-la-legalisation-du-coup-detat\/\">SUSPENSION DU PROCES SANKARA SUITE A UNE REQUETE SOULEVEE PAR LA DEFENSE : La ran\u00e7on de la l\u00e9galisation du coup d\u2019Etat<\/a> est apparu en premier sur <a rel=\"nofollow\" href=\"https:\/\/lepays.bf\/\">Editions Le Pays<\/a>.<\/p>\n<\/div>\n<p>Auteur: Editions LEPAYS<br \/>\n<a href=\"https:\/\/lepays.bf\/suspension-du-proces-sankara-suite-a-une-requete-soulevee-par-la-defense-la-rancon-de-la-legalisation-du-coup-detat\/\">Cliquez ici pour lire l&rsquo;article depuis sa source.<\/a><\/p>\n","protected":false},"excerpt":{"rendered":"<p>Suspendu le 8 f\u00e9vrier dernier apr\u00e8s les r\u00e9quisitions du parquet dans lesquelles 20 ans et 30 ans de prison ont \u00e9t\u00e9 requis respectivement contre Gilbert Diend\u00e9r\u00e9, Blaise Compaor\u00e9 et Hyacinthe Kafando, le proc\u00e8s de l\u2019assassinat de Thomas Sankara a repris, hier, 3 mars, \u00e0 9h, [\u2026] L\u2019article SUSPENSION DU PROCES SANKARA SUITE A UNE REQUETE [&hellip;]<\/p>\n","protected":false},"author":1813,"featured_media":0,"comment_status":"closed","ping_status":"closed","sticky":false,"template":"","format":"standard","meta":{"fifu_image_url":"https:\/\/lepays.bf\/wp-content\/uploads\/2022\/03\/Proces.jpg","fifu_image_alt":"SUSPENSION DU PROCES SANKARA SUITE A UNE REQUETE SOULEVEE PAR LA DEFENSE : La ran\u00e7on de la l\u00e9galisation du coup d\u2019Etat","footnotes":""},"categories":[73,81],"tags":[],"class_list":["post-142240","post","type-post","status-publish","format-standard","hentry","category-actualite","category-burkina-faso"],"_links":{"self":[{"href":"https:\/\/linitiative.ca\/International\/wp-json\/wp\/v2\/posts\/142240","targetHints":{"allow":["GET"]}}],"collection":[{"href":"https:\/\/linitiative.ca\/International\/wp-json\/wp\/v2\/posts"}],"about":[{"href":"https:\/\/linitiative.ca\/International\/wp-json\/wp\/v2\/types\/post"}],"author":[{"embeddable":true,"href":"https:\/\/linitiative.ca\/International\/wp-json\/wp\/v2\/users\/1813"}],"replies":[{"embeddable":true,"href":"https:\/\/linitiative.ca\/International\/wp-json\/wp\/v2\/comments?post=142240"}],"version-history":[{"count":0,"href":"https:\/\/linitiative.ca\/International\/wp-json\/wp\/v2\/posts\/142240\/revisions"}],"wp:attachment":[{"href":"https:\/\/linitiative.ca\/International\/wp-json\/wp\/v2\/media?parent=142240"}],"wp:term":[{"taxonomy":"category","embeddable":true,"href":"https:\/\/linitiative.ca\/International\/wp-json\/wp\/v2\/categories?post=142240"},{"taxonomy":"post_tag","embeddable":true,"href":"https:\/\/linitiative.ca\/International\/wp-json\/wp\/v2\/tags?post=142240"}],"curies":[{"name":"wp","href":"https:\/\/api.w.org\/{rel}","templated":true}]}}