{"id":142242,"date":"2022-03-03T17:00:30","date_gmt":"2022-03-03T22:00:30","guid":{"rendered":"https:\/\/linitiative.ca\/International\/convention-revisee-sitarail-bollore-des-manifestants-exigent-son-annulation\/"},"modified":"2022-03-03T17:00:30","modified_gmt":"2022-03-03T22:00:30","slug":"convention-revisee-sitarail-bollore-des-manifestants-exigent-son-annulation","status":"publish","type":"post","link":"https:\/\/linitiative.ca\/International\/convention-revisee-sitarail-bollore-des-manifestants-exigent-son-annulation\/","title":{"rendered":"Convention r\u00e9vis\u00e9e SITARAIL\/Bollor\u00e9 : des manifestants exigent son annulation"},"content":{"rendered":"<div>\n<p><strong>A l\u2019appel du Consortium Burkina 2050, plusieurs personnes et des organisations de la soci\u00e9t\u00e9 civile ont march\u00e9, le jeudi 3 mars 2022 \u00e0 Ouagadougou, pour exiger l\u2019annulation de la convention r\u00e9vis\u00e9e portant gestion du chemin de fer avec SITARAIL \/Bollor\u00e9.<\/strong><\/p>\n<p>Les membres du \u00ab Consortium Burkina 2050 \u00bb exigent l\u2019annulation de la convention r\u00e9vis\u00e9e portant gestion du chemin de fer avec SITARAIL et Bollor\u00e9. A cet effet, ils ont organis\u00e9, le jeudi 3 mars 2022 \u00e0 Ouagadougou, une marche pour d\u00e9noncer les 27 ans de gestion du chemin de fer par l\u2019entreprise Bollor\u00e9. Les marcheurs sont partis du rond-point de la Bataille du rail pour se rendre \u00e0 l\u2019entreprise Bollor\u00e9, puis le minist\u00e8re des Transports, de la Mobilit\u00e9 urbaine et de la S\u00e9curit\u00e9 routi\u00e8re.<\/p>\n<p>\u00ab Bollor\u00e9 d\u00e9gage \u00bb, \u00ab Le chemin de fer burkinab\u00e8 aux Burkinab\u00e8 \u00bb, \u00ab Nous exigeons l\u2019annulation du contrat \u00bb, sont, entre autres, les slogans que scandaient les marcheurs. \u00abLe Burkina Faso a recul\u00e9 \u00e9conomiquement \u00e0 cause de la mauvaise gestion de notre chemin de fer. 9 gares ont \u00e9t\u00e9 ferm\u00e9es. Le transport est au ralenti. Des commer\u00e7ants ne peuvent plus avoir des wagons pour amener leurs marchandises en C\u00f4te d\u2019Ivoire. Nos routes sont d\u00e9grad\u00e9es. On veut que \u00e7a s\u2019arr\u00eate maintenant. C\u2019est tout ce que nous demandons. Pas de vente de SITARAIL \u00e0 une autre multinationale\u00bb, a martel\u00e9 la coordonnatrice du Consortium Burkina 2050, Nestorine Sangar\u00e9. Les manifestants ont remis un message \u00e0 l\u2019entreprise Bollor\u00e9 et un autre au minist\u00e8re en charge des transports. Le secr\u00e9taire g\u00e9n\u00e9ral charg\u00e9 de l\u2019exp\u00e9dition des affaires courantes dudit d\u00e9partement minist\u00e9riel, Bernard Bemba, a salu\u00e9 la \u00ab marche pacifique \u00bb et l\u2019initiative des manifestants. \u00abDepuis 27 ans de privatisation des rails, il est temps que Bollor\u00e9 laisse la gestion du chemin de fer pour une autre entreprise. En plus, il veut vendre le contrat \u00e0 une autre entreprise d\u2019ici fin mars.<\/p>\n<p>Il veut se d\u00e9barrasser des droits des gens qu\u2019ils ont licenci\u00e9s \u00bb, a affirm\u00e9 le coordonnateur du mouvement Front de d\u00e9fense pour la patrie, Lassan\u00e9 Sawadogo. Des ex-travailleurs de la Soci\u00e9t\u00e9 internationale de transport africain par rail (SITARAIL), regroup\u00e9s au sein du syndicat des retrait\u00e9s du chemin de fer du Burkina Faso, membre du Consortium Burkina 2050, ont \u00e9galement pris part \u00e0 la marche. \u00abMalgr\u00e9 la sentence arbitrale rendue le 14 ao\u00fbt 2007 en faveur de ces travailleurs, SITARAIL a refus\u00e9 d\u2019ex\u00e9cuter et de d\u00e9livrer les documents n\u00e9cessaires pour la pension de retraite. Nous r\u00e9cusons la vente du projet ferroviaire du groupe Bollor\u00e9 \u00e0 une quelconque multinationale au vu des manquements graves observ\u00e9s dans la convention de concession initiale, qui nous a g\u00e9r\u00e9s depuis 23 ans et la convention de concession r\u00e9vis\u00e9e \u00bb, a prostest\u00e9 le secr\u00e9taire g\u00e9n\u00e9ral dudit syndicat, Moutaga Traor\u00e9.<\/p>\n<p style=\"text-align: right\"><strong> Synth\u00e8se de W. Aubin NANA <\/strong><\/p>\n<p>L\u2019article <a rel=\"nofollow\" href=\"https:\/\/www.sidwaya.info\/blog\/2022\/03\/03\/convention-revisee-sitarail-bollore-des-manifestants-exigent-son-annulation\/\">Convention r\u00e9vis\u00e9e SITARAIL\/Bollor\u00e9 : des manifestants exigent son annulation<\/a> est apparu en premier sur <a rel=\"nofollow\" href=\"https:\/\/www.sidwaya.info\/\">Quotidien Sidwaya<\/a>.<\/p>\n<\/div>\n<p>Auteur: JK. Sidwaya<br \/>\n<a href=\"https:\/\/www.sidwaya.info\/blog\/2022\/03\/03\/convention-revisee-sitarail-bollore-des-manifestants-exigent-son-annulation\/?utm_source=rss&#038;utm_medium=rss&#038;utm_campaign=convention-revisee-sitarail-bollore-des-manifestants-exigent-son-annulation\">Cliquez ici pour lire l&rsquo;article depuis sa source.<\/a><\/p>\n","protected":false},"excerpt":{"rendered":"<p>A l\u2019appel du Consortium Burkina 2050, plusieurs personnes et des organisations de la soci\u00e9t\u00e9 civile ont march\u00e9, le jeudi 3 mars 2022 \u00e0 Ouagadougou, pour exiger l\u2019annulation de la convention r\u00e9vis\u00e9e portant gestion du chemin de fer avec SITARAIL \/Bollor\u00e9. Les membres du \u00ab Consortium Burkina 2050 \u00bb exigent l\u2019annulation de la convention r\u00e9vis\u00e9e portant [&hellip;]<\/p>\n","protected":false},"author":1816,"featured_media":0,"comment_status":"closed","ping_status":"closed","sticky":false,"template":"","format":"standard","meta":{"fifu_image_url":"","fifu_image_alt":"","footnotes":""},"categories":[73,81],"tags":[],"class_list":["post-142242","post","type-post","status-publish","format-standard","hentry","category-actualite","category-burkina-faso"],"_links":{"self":[{"href":"https:\/\/linitiative.ca\/International\/wp-json\/wp\/v2\/posts\/142242","targetHints":{"allow":["GET"]}}],"collection":[{"href":"https:\/\/linitiative.ca\/International\/wp-json\/wp\/v2\/posts"}],"about":[{"href":"https:\/\/linitiative.ca\/International\/wp-json\/wp\/v2\/types\/post"}],"author":[{"embeddable":true,"href":"https:\/\/linitiative.ca\/International\/wp-json\/wp\/v2\/users\/1816"}],"replies":[{"embeddable":true,"href":"https:\/\/linitiative.ca\/International\/wp-json\/wp\/v2\/comments?post=142242"}],"version-history":[{"count":0,"href":"https:\/\/linitiative.ca\/International\/wp-json\/wp\/v2\/posts\/142242\/revisions"}],"wp:attachment":[{"href":"https:\/\/linitiative.ca\/International\/wp-json\/wp\/v2\/media?parent=142242"}],"wp:term":[{"taxonomy":"category","embeddable":true,"href":"https:\/\/linitiative.ca\/International\/wp-json\/wp\/v2\/categories?post=142242"},{"taxonomy":"post_tag","embeddable":true,"href":"https:\/\/linitiative.ca\/International\/wp-json\/wp\/v2\/tags?post=142242"}],"curies":[{"name":"wp","href":"https:\/\/api.w.org\/{rel}","templated":true}]}}