{"id":142244,"date":"2022-03-03T17:13:18","date_gmt":"2022-03-03T22:13:18","guid":{"rendered":"https:\/\/linitiative.ca\/International\/universite-nazi-boni-des-etudiants-marcheurs-molestes-par-des-inconnus\/"},"modified":"2022-03-03T17:13:18","modified_gmt":"2022-03-03T22:13:18","slug":"universite-nazi-boni-des-etudiants-marcheurs-molestes-par-des-inconnus","status":"publish","type":"post","link":"https:\/\/linitiative.ca\/International\/universite-nazi-boni-des-etudiants-marcheurs-molestes-par-des-inconnus\/","title":{"rendered":"Universit\u00e9 Nazi-Boni : des \u00e9tudiants-marcheurs molest\u00e9s par des inconnus"},"content":{"rendered":"<div>\n<p><strong>A l\u2019initiative de la Coalition de lutte des structures \u00e0 caract\u00e8re syndical d\u2019\u00e9tudiants et des d\u00e9l\u00e9gu\u00e9s d\u2019\u00e9tudiants de l\u2019Universit\u00e9 Nazi-Boni, des \u00e9tudiants \u00e9taient dans les rues de Bobo-Dioulasso, le jeudi 3 mars 2022, pour manifester leur m\u00e9contentement face \u00e0 \u00ab l\u2019exacerbation de la d\u00e9gradation de leurs conditions de vie et d\u2019\u00e9tudes \u00bb depuis le d\u00e9but de l\u2019ann\u00e9e universitaire. <\/strong><\/p>\n<figure id=\"attachment_46366\" aria-describedby=\"caption-attachment-46366\" style=\"width: 253px\" class=\"wp-caption alignleft\"><img loading=\"lazy\" decoding=\"async\" class=\"wp-image-46366 size-medium\" src=\"https:\/\/linitiative.ca\/International\/wp-content\/uploads\/sites\/23\/2022\/03\/2-10-253x300-1.jpg\" alt=\"\" width=\"253\" height=\"300\" srcset=\"https:\/\/linitiative.ca\/International\/wp-content\/uploads\/sites\/23\/2022\/03\/2-10-253x300-1.jpg 253w, https:\/\/www.sidwaya.info\/wp-content\/uploads\/2022\/03\/2-10-150x178.jpg 150w, https:\/\/www.sidwaya.info\/wp-content\/uploads\/2022\/03\/2-10-300x356.jpg 300w, https:\/\/www.sidwaya.info\/wp-content\/uploads\/2022\/03\/2-10-354x420.jpg 354w, https:\/\/www.sidwaya.info\/wp-content\/uploads\/2022\/03\/2-10.jpg 502w\" sizes=\"auto, (max-width: 253px) 100vw, 253px\"><figcaption id=\"caption-attachment-46366\" class=\"wp-caption-text\">Pour le pr\u00e9sident de la Coalition, Sid Mahomed Abdel Moubarack Yoda, les \u00e9tudiants exigent le strict respect des engagements pris par le minist\u00e8re en charge de l\u2019enseignement sup\u00e9rieur.<\/figcaption><\/figure>\n<p>Des \u00e9tudiants de l\u2019Universit\u00e9 Nazi-Boni de Bobo-Dioulasso \u00e9taient dans les rues pour manifester leur m\u00e9contentement face \u00e0 \u00ab l\u2019exacerbation de la d\u00e9gradation de leurs conditions de vie et d\u2019\u00e9tudes depuis le d\u00e9but de l\u2019ann\u00e9e universitaire \u00bb. T\u00f4t le matin du jeudi 3 mars 2022, alors que les \u00e9tudiants tentaient de prendre d\u2019assaut la place Ti\u00e9fo-Amoro en face de la gare ferroviaire, lieu de rassemblement avant d\u2019entamer la marche, ils ont \u00e9t\u00e9 emp\u00each\u00e9s d\u2019acc\u00e9der \u00e0 ladite place par des \u00ab hommes inconnus \u00bb. En effet, ces hommes, arm\u00e9s de machettes, de lance-pierres, de matraques, de fouets, de cailloux, ont tout fait pour emp\u00eacher le rassemblement \u00e0 la place Ti\u00e9fo-Amoro. Voulant se rassembler \u00e0 tout prix, les \u00e9tudiants ont \u00e9t\u00e9 molest\u00e9s. Au bilan, deux \u00e9tudiants ont \u00e9t\u00e9 l\u00e9g\u00e8rement bless\u00e9s. Pourquoi r\u00e9priment-ils le rassemblement des \u00e9tudiants ? Au nom de qui agissent-ils ? Ces questions sont rest\u00e9es sans r\u00e9ponse.<\/p>\n<p>Mais aux yeux de ces \u00ab hommes arm\u00e9s \u00bb, la marche est \u00ab ill\u00e9gale \u00bb et n\u2019a pas lieu de se tenir alors que les \u00e9tudiants disent avoir re\u00e7u l\u2019autorisation des premi\u00e8res autorit\u00e9s de la commune de Bobo-Dioulasso. Finalement, les marcheurs ont quitt\u00e9 la place Ti\u00e9fo-Amoro, pour la remise de leur plateforme minimale revendicative au gouverneur des Hauts-Bassins. Pour le pr\u00e9sident de la Coalition, Sid Mahomed Abdel Moubarack Yoda, les \u00e9tudiants exigent \u00e0 travers cette marche-meeting, \u00ab le strict respect des engagements pris par le minist\u00e8re en charge de l\u2019enseignement sup\u00e9rieur, la lev\u00e9e pure et simple des sanctions arbitraires qui p\u00e8sent sur quatre \u00e9tudiants et la d\u00e9mission pure et simple du pr\u00e9sident de l\u2019UNB, Macaire Ou\u00e9draogo \u00bb. Car ce dernier, selon lui, n\u2019a pas la volont\u00e9 de rencontrer la coalition pour des \u00ab francs \u00bb \u00e9changes autour des pr\u00e9occupations des \u00e9tudiants.<\/p>\n<p>Par ailleurs, la coalition r\u00e9clame le respect des libert\u00e9s d\u2019organisation, d\u2019expression et de manifestation et une meilleure organisation du transport des \u00e9tudiants. A cela s\u2019ajoutent la question des coupures intempestives d\u2019eau en cit\u00e9 et le rejet \u00ab insens\u00e9 \u00bb des dossiers de renouvellement du FONER. Au gouvernorat, les \u00e9tudiants ont \u00e9t\u00e9 re\u00e7us par le chef de cabinet, Balemany Serissouma, repr\u00e9sentant le gouverneur des Hauts-Bassins. Ce dernier a dit prendre note et que la plateforme sera remise aux plus hautes autorit\u00e9s.<\/p>\n<p style=\"text-align: right\"><strong> Boudayinga J-M THIENON <\/strong><\/p>\n<p>L\u2019article <a rel=\"nofollow\" href=\"https:\/\/www.sidwaya.info\/blog\/2022\/03\/03\/universite-nazi-boni-des-etudiants-marcheurs-molestes-par-des-inconnus\/\">Universit\u00e9 Nazi-Boni : des \u00e9tudiants-marcheurs molest\u00e9s par des inconnus<\/a> est apparu en premier sur <a rel=\"nofollow\" href=\"https:\/\/www.sidwaya.info\/\">Quotidien Sidwaya<\/a>.<\/p>\n<\/div>\n<p>Auteur: JK. Sidwaya<br \/>\n<a href=\"https:\/\/www.sidwaya.info\/blog\/2022\/03\/03\/universite-nazi-boni-des-etudiants-marcheurs-molestes-par-des-inconnus\/?utm_source=rss&#038;utm_medium=rss&#038;utm_campaign=universite-nazi-boni-des-etudiants-marcheurs-molestes-par-des-inconnus\">Cliquez ici pour lire l&rsquo;article depuis sa source.<\/a><\/p>\n","protected":false},"excerpt":{"rendered":"<p>A l\u2019initiative de la Coalition de lutte des structures \u00e0 caract\u00e8re syndical d\u2019\u00e9tudiants et des d\u00e9l\u00e9gu\u00e9s d\u2019\u00e9tudiants de l\u2019Universit\u00e9 Nazi-Boni, des \u00e9tudiants \u00e9taient dans les rues de Bobo-Dioulasso, le jeudi 3 mars 2022, pour manifester leur m\u00e9contentement face \u00e0 \u00ab l\u2019exacerbation de la d\u00e9gradation de leurs conditions de vie et d\u2019\u00e9tudes \u00bb depuis le d\u00e9but [&hellip;]<\/p>\n","protected":false},"author":1816,"featured_media":0,"comment_status":"closed","ping_status":"closed","sticky":false,"template":"","format":"standard","meta":{"fifu_image_url":"https:\/\/www.sidwaya.info\/wp-content\/uploads\/2022\/03\/2-10-253x300.jpg","fifu_image_alt":"Universit\u00e9 Nazi-Boni : des \u00e9tudiants-marcheurs molest\u00e9s par des inconnus","footnotes":""},"categories":[73,81],"tags":[],"class_list":["post-142244","post","type-post","status-publish","format-standard","hentry","category-actualite","category-burkina-faso"],"_links":{"self":[{"href":"https:\/\/linitiative.ca\/International\/wp-json\/wp\/v2\/posts\/142244","targetHints":{"allow":["GET"]}}],"collection":[{"href":"https:\/\/linitiative.ca\/International\/wp-json\/wp\/v2\/posts"}],"about":[{"href":"https:\/\/linitiative.ca\/International\/wp-json\/wp\/v2\/types\/post"}],"author":[{"embeddable":true,"href":"https:\/\/linitiative.ca\/International\/wp-json\/wp\/v2\/users\/1816"}],"replies":[{"embeddable":true,"href":"https:\/\/linitiative.ca\/International\/wp-json\/wp\/v2\/comments?post=142244"}],"version-history":[{"count":0,"href":"https:\/\/linitiative.ca\/International\/wp-json\/wp\/v2\/posts\/142244\/revisions"}],"wp:attachment":[{"href":"https:\/\/linitiative.ca\/International\/wp-json\/wp\/v2\/media?parent=142244"}],"wp:term":[{"taxonomy":"category","embeddable":true,"href":"https:\/\/linitiative.ca\/International\/wp-json\/wp\/v2\/categories?post=142244"},{"taxonomy":"post_tag","embeddable":true,"href":"https:\/\/linitiative.ca\/International\/wp-json\/wp\/v2\/tags?post=142244"}],"curies":[{"name":"wp","href":"https:\/\/api.w.org\/{rel}","templated":true}]}}