{"id":142253,"date":"2022-03-03T13:18:03","date_gmt":"2022-03-03T18:18:03","guid":{"rendered":"https:\/\/linitiative.ca\/International\/senegal-gratuite-des-medicaments-anticancereux\/"},"modified":"2022-03-03T13:18:03","modified_gmt":"2022-03-03T18:18:03","slug":"senegal-gratuite-des-medicaments-anticancereux","status":"publish","type":"post","link":"https:\/\/linitiative.ca\/International\/senegal-gratuite-des-medicaments-anticancereux\/","title":{"rendered":"S\u00e9n\u00e9gal : gratuit\u00e9 des m\u00e9dicaments anticanc\u00e9reux"},"content":{"rendered":"<div>\n<p><img decoding=\"async\" width=\"685\" height=\"502\" src=\"https:\/\/linitiative.ca\/International\/wp-content\/uploads\/sites\/23\/2022\/03\/16463314833968.jpg\" class=\"attachment-post-thumbnail size-post-thumbnail wp-post-image\" alt=\"\" loading=\"lazy\" srcset=\"https:\/\/linitiative.ca\/International\/wp-content\/uploads\/sites\/23\/2022\/03\/16463314833968.jpg 685w, https:\/\/www.journalducameroun.com\/wp-content\/uploads\/2022\/03\/16463314833968-300x220.jpg 300w, https:\/\/www.journalducameroun.com\/wp-content\/uploads\/2022\/03\/16463314833968-600x440.jpg 600w\" sizes=\"auto, (max-width: 685px) 100vw, 685px\"><\/p>\n<p>Le minist\u00e8re de la Sant\u00e9 et de l&rsquo;Action sociale met tous les acteurs face \u00e0 leurs responsabilit\u00e9s pour \u00ab le respect scrupuleux de cette directive pr\u00e9sidentielle \u00bb.Depuis le 1er\u00a0octobre 2019, la chimioth\u00e9rapie pour les cancers du sein et du col de l&rsquo;ut\u00e9rus sous toutes ses formes est gratuite au S\u00e9n\u00e9gal. Cette d\u00e9cision du pr\u00e9sident Macky Sall vise \u00e0 \u00ab faciliter la prise en charge des patients conform\u00e9ment aux orientations d&rsquo;\u00e9quit\u00e9 dans la mise en \u0153uvre de la politique de sant\u00e9 du pays \u00bb, souligne un communiqu\u00e9 re\u00e7u ce jeudi \u00e0 APA.<\/p>\n<p>Pour soulager davantage les femmes qui souffrent de ces pathologies, \u00ab les m\u00e9dicaments anticanc\u00e9reux sont (d\u00e9sormais) disponibles et accessibles gratuitement dans toutes les structures dispensant la chimioth\u00e9rapie \u00bb, pr\u00e9cise le minist\u00e8re de la Sant\u00e9 et de l&rsquo;Action sociale.<\/p>\n<p>Il s&rsquo;agit de l&rsquo;H\u00f4pital Aristide Le Dantec, de l&rsquo;H\u00f4pital Principal, de l&rsquo;H\u00f4pital Fann, du Centre National de Transfusion Sanguine (CNTS), de l&rsquo;H\u00f4pital G\u00e9n\u00e9ral Idrissa Pouye, de l&rsquo;H\u00f4pital Dalal Jaam (Dakar), de l&rsquo;H\u00f4pital r\u00e9gional de Thi\u00e8s (Ouest) et de l&rsquo;H\u00f4pital r\u00e9gional de Fatick (Centre).<\/p>\n<p>Cet article <a rel=\"nofollow\" href=\"https:\/\/www.journalducameroun.com\/senegal-gratuite-des-medicaments-anticancereux\/\">S\u00e9n\u00e9gal : gratuit\u00e9 des m\u00e9dicaments anticanc\u00e9reux<\/a> est apparu en premier sur <a rel=\"nofollow\" href=\"https:\/\/www.journalducameroun.com\/\">Journal du Cameroun<\/a>.<\/p>\n<\/div>\n<p>Auteur: APA News<br \/>\n<a href=\"https:\/\/www.journalducameroun.com\/senegal-gratuite-des-medicaments-anticancereux\/\">Cliquez ici pour lire l&rsquo;article depuis sa source.<\/a><\/p>\n","protected":false},"excerpt":{"rendered":"<p>Le minist\u00e8re de la Sant\u00e9 et de l&rsquo;Action sociale met tous les acteurs face \u00e0 leurs responsabilit\u00e9s pour \u00ab le respect scrupuleux de cette directive pr\u00e9sidentielle \u00bb.Depuis le 1er\u00a0octobre 2019, la chimioth\u00e9rapie pour les cancers du sein et du col de l&rsquo;ut\u00e9rus sous toutes ses formes est gratuite au S\u00e9n\u00e9gal. Cette d\u00e9cision du pr\u00e9sident Macky [&hellip;]<\/p>\n","protected":false},"author":1965,"featured_media":0,"comment_status":"closed","ping_status":"closed","sticky":false,"template":"","format":"standard","meta":{"fifu_image_url":"https:\/\/www.journalducameroun.com\/wp-content\/uploads\/2022\/03\/16463314833968.jpg","fifu_image_alt":"S\u00e9n\u00e9gal : gratuit\u00e9 des m\u00e9dicaments anticanc\u00e9reux","footnotes":""},"categories":[73,82],"tags":[],"class_list":["post-142253","post","type-post","status-publish","format-standard","hentry","category-actualite","category-cameroun"],"_links":{"self":[{"href":"https:\/\/linitiative.ca\/International\/wp-json\/wp\/v2\/posts\/142253","targetHints":{"allow":["GET"]}}],"collection":[{"href":"https:\/\/linitiative.ca\/International\/wp-json\/wp\/v2\/posts"}],"about":[{"href":"https:\/\/linitiative.ca\/International\/wp-json\/wp\/v2\/types\/post"}],"author":[{"embeddable":true,"href":"https:\/\/linitiative.ca\/International\/wp-json\/wp\/v2\/users\/1965"}],"replies":[{"embeddable":true,"href":"https:\/\/linitiative.ca\/International\/wp-json\/wp\/v2\/comments?post=142253"}],"version-history":[{"count":0,"href":"https:\/\/linitiative.ca\/International\/wp-json\/wp\/v2\/posts\/142253\/revisions"}],"wp:attachment":[{"href":"https:\/\/linitiative.ca\/International\/wp-json\/wp\/v2\/media?parent=142253"}],"wp:term":[{"taxonomy":"category","embeddable":true,"href":"https:\/\/linitiative.ca\/International\/wp-json\/wp\/v2\/categories?post=142253"},{"taxonomy":"post_tag","embeddable":true,"href":"https:\/\/linitiative.ca\/International\/wp-json\/wp\/v2\/tags?post=142253"}],"curies":[{"name":"wp","href":"https:\/\/api.w.org\/{rel}","templated":true}]}}