{"id":142260,"date":"2022-03-03T07:28:09","date_gmt":"2022-03-03T12:28:09","guid":{"rendered":"https:\/\/linitiative.ca\/International\/insecurite-alimentaire-une-menace-de-famine-plane-sur-pres-dun-million-de-personnes-a-lextreme-nord\/"},"modified":"2022-03-03T07:28:09","modified_gmt":"2022-03-03T12:28:09","slug":"insecurite-alimentaire-une-menace-de-famine-plane-sur-pres-dun-million-de-personnes-a-lextreme-nord","status":"publish","type":"post","link":"https:\/\/linitiative.ca\/International\/insecurite-alimentaire-une-menace-de-famine-plane-sur-pres-dun-million-de-personnes-a-lextreme-nord\/","title":{"rendered":"Ins\u00e9curit\u00e9 alimentaire : une menace de famine plane sur pr\u00e8s d\u2019un million de personnes \u00e0 l\u2019Extr\u00eame-nord"},"content":{"rendered":"<div>\n<p>On pourrait penser \u00e0 une redite. Mais cette fois-ci, l\u2019information est de la repr\u00e9sentation locale de l\u2019Ocha. Comme elle, dans un article publi\u00e9 la semaine derni\u00e8re, l\u2019ONG Action contre la faim (ACF) se veut plus pr\u00e9cise\u00a0: \u00ab\u00a0Pour diverses raisons, environ 901\u2009042 personnes auront beaucoup de mal \u00e0 s\u2019alimenter dans les prochains mois dans la r\u00e9gion de l\u2019Extr\u00eame-nord.\u00a0\u00bb<\/p>\n<p>Selon Ocha Cameroon, elles sont d\u2019ordre s\u00e9curitaire et climatique (raret\u00e9 des pluies). Mais pas seulement. L\u2019entit\u00e9 qui coordonne l\u2019action humanitaire au Cameroun invoque \u00e9galement\u00a0\u00a0\u00ab les attaques des oiseaux granivores et des pachydermes sur les cultures qui ont s\u00e9rieusement perturb\u00e9 la saison agricole 2021\u00a0\u00bb.Pour toutes ces raisons, elle parle de \u00ab\u00a0menace \u00e0 la s\u00e9curit\u00e9 alimentaire de plusieurs communaut\u00e9s\u2009\u00bb.<\/p>\n<p><strong>Lire aussi : <a href=\"https:\/\/ecomatin.net\/le-japon-accorde-1-milliard-de-fcfa-pour-lutter-contre-linsecurite-alimentaire-au-cameroun\/\">Le Japon accorde 1 milliard de Fcfa pour lutter contre l\u2019ins\u00e9curit\u00e9 alimentaire au Cameroun<\/a><\/strong><\/p>\n<p>ACF est va plus loin dans les constats. Elle renseigne sur les ruptures de stocks alimentaires qui affectent d\u00e9j\u00e0 surtout les familles pauvres de l\u2019Extr\u00eame-nord. Cette p\u00e9riode dite de soudure (moment o\u00f9 les produits des r\u00e9coltes pr\u00e9c\u00e9dentes viennent \u00e0 manquer, ndlr) est pr\u00e9coce cette ann\u00e9e. Les observateurs la situent g\u00e9n\u00e9ralement au mois de juin de chaque ann\u00e9e. De sorte que des mesures sont prises en amont pour la g\u00e9rer pour que les familles ne manquent de nourriture. En plus de la brusquerie de la survenue de la p\u00e9riode de soudure, l\u2019on observe une inflation des prix des c\u00e9r\u00e9ales sur les march\u00e9s. La d\u00e9l\u00e9gation r\u00e9gionale de l\u2019Agriculture et du D\u00e9veloppement rural de l\u2019Extr\u00eame-nord, par l\u2019ONG ACF cr\u00e9\u00e9e en 1979 par un groupe d\u2019intellectuels fran\u00e7ais, r\u00e9v\u00e8le \u00e0 ce propos qu\u2019\u00ab\u00a0\u00e0 Makary par exemple, le prix du sac de 92 kg de mil, principale denr\u00e9e de base locale, est pass\u00e9 de 20\u2009000 FCFA en janvier 2021 \u00e0 28\u2009000 FCFA en janvier 2022, soit une hausse 29 %\u2009\u00bb.<\/p>\n<p><strong>Lire aussi : <a href=\"https:\/\/ecomatin.net\/la-fao-et-le-feicom-font-front-commun-n-pour-lutter-contre-linsecurite-alimentaire\/\">La FAO et le FEICOM font front commun pour lutter contre l\u2019ins\u00e9curit\u00e9 alimentaire<\/a><\/strong><\/p>\n<p>L\u2019article <a rel=\"nofollow\" href=\"https:\/\/ecomatin.net\/insecurite-alimentaire-une-menace-de-famine-plane-sur-pres-dun-million-de-personnes-a-lextreme-nord\/\">Ins\u00e9curit\u00e9 alimentaire : une menace de famine plane sur pr\u00e8s d\u2019un million de personnes \u00e0 l\u2019Extr\u00eame-nord<\/a> est apparu en premier sur <a rel=\"nofollow\" href=\"https:\/\/ecomatin.net\/\">EcoMatin<\/a>.<\/p>\n<\/div>\n<p>Auteur: Bernard Bangda<br \/>\n<a href=\"https:\/\/ecomatin.net\/insecurite-alimentaire-une-menace-de-famine-plane-sur-pres-dun-million-de-personnes-a-lextreme-nord\/\">Cliquez ici pour lire l&rsquo;article depuis sa source.<\/a><\/p>\n","protected":false},"excerpt":{"rendered":"<p>On pourrait penser \u00e0 une redite. Mais cette fois-ci, l\u2019information est de la repr\u00e9sentation locale de l\u2019Ocha. Comme elle, dans un article publi\u00e9 la semaine derni\u00e8re, l\u2019ONG Action contre la faim (ACF) se veut plus pr\u00e9cise\u00a0: \u00ab\u00a0Pour diverses raisons, environ 901\u2009042 personnes auront beaucoup de mal \u00e0 s\u2019alimenter dans les prochains mois dans la r\u00e9gion [&hellip;]<\/p>\n","protected":false},"author":1969,"featured_media":0,"comment_status":"closed","ping_status":"closed","sticky":false,"template":"","format":"standard","meta":{"fifu_image_url":"","fifu_image_alt":"","footnotes":""},"categories":[82,78],"tags":[],"class_list":["post-142260","post","type-post","status-publish","format-standard","hentry","category-cameroun","category-economie"],"_links":{"self":[{"href":"https:\/\/linitiative.ca\/International\/wp-json\/wp\/v2\/posts\/142260","targetHints":{"allow":["GET"]}}],"collection":[{"href":"https:\/\/linitiative.ca\/International\/wp-json\/wp\/v2\/posts"}],"about":[{"href":"https:\/\/linitiative.ca\/International\/wp-json\/wp\/v2\/types\/post"}],"author":[{"embeddable":true,"href":"https:\/\/linitiative.ca\/International\/wp-json\/wp\/v2\/users\/1969"}],"replies":[{"embeddable":true,"href":"https:\/\/linitiative.ca\/International\/wp-json\/wp\/v2\/comments?post=142260"}],"version-history":[{"count":0,"href":"https:\/\/linitiative.ca\/International\/wp-json\/wp\/v2\/posts\/142260\/revisions"}],"wp:attachment":[{"href":"https:\/\/linitiative.ca\/International\/wp-json\/wp\/v2\/media?parent=142260"}],"wp:term":[{"taxonomy":"category","embeddable":true,"href":"https:\/\/linitiative.ca\/International\/wp-json\/wp\/v2\/categories?post=142260"},{"taxonomy":"post_tag","embeddable":true,"href":"https:\/\/linitiative.ca\/International\/wp-json\/wp\/v2\/tags?post=142260"}],"curies":[{"name":"wp","href":"https:\/\/api.w.org\/{rel}","templated":true}]}}