{"id":142262,"date":"2022-03-03T08:02:39","date_gmt":"2022-03-03T13:02:39","guid":{"rendered":"https:\/\/linitiative.ca\/International\/camrail-suspend-le-trafic-entre-douala-et-yaounde-a-cause-dun-incident-sur-la-voie-ferree\/"},"modified":"2022-03-03T08:02:39","modified_gmt":"2022-03-03T13:02:39","slug":"camrail-suspend-le-trafic-entre-douala-et-yaounde-a-cause-dun-incident-sur-la-voie-ferree","status":"publish","type":"post","link":"https:\/\/linitiative.ca\/International\/camrail-suspend-le-trafic-entre-douala-et-yaounde-a-cause-dun-incident-sur-la-voie-ferree\/","title":{"rendered":"Camrail suspend le trafic entre Douala et Yaound\u00e9 \u00e0 cause d\u2019un incident sur la voie ferr\u00e9e"},"content":{"rendered":"<div>\n<p>La liaison entre Douala et Yaound\u00e9 est provisoirement coup\u00e9e par voie ferr\u00e9e depuis le mercredi 02 mars 2022, en raison d\u2019un incident survenu entre les gares de Ngoumou et de Makak, renseigne la compagnie nationale de transport ferroviaire Cameroon Railways (Camrail), dans un communiqu\u00e9 rendu public ce jeudi 03 mars 2022. L\u2019entreprise n\u2019est pas assez diserte sur la nature de l\u2019incident. L\u2019on ignore donc s\u2019il s\u2019agit du d\u00e9raillement d\u2019un train, ou alors d\u2019un incident technique li\u00e9 \u00e0 l\u2019exploitation du chemin de fer.<\/p>\n<p><strong>Lire aussi : <a href=\"https:\/\/ecomatin.net\/concession-vers-une-reprise-de-camrail-l-par-letat-t-du-cameroun\/\">Concession : vers une reprise de Camrail par l\u2019Etat du Cameroun ?<\/a><\/strong><\/p>\n<p>Par cons\u00e9quent, la compagnie a supprim\u00e9 tous ses voyages pr\u00e9vus ce jour \u00e0 destination de Douala au d\u00e9part de Yaound\u00e9, et vice versa.\u00a0\u00ab\u00a0Les trains express 185 et 186\u00a0; et les trains 181 et 184 reliant Douala et Yaound\u00e9 de ce jeudi 03 mars 2022 sont supprim\u00e9s\u00a0\u00bb, indique le communiqu\u00e9 sign\u00e9 de Pascal Miny, directeur g\u00e9n\u00e9ral de Camrail. Le trafic est ainsi suspendu entre les deux capitales camerounais et devrait reprendre ult\u00e9rieurement car l\u2019entreprise s\u2019active pour un retour \u00e0 la normale. \u00ab\u00a0Les \u00e9quipes de Camrail sont \u00e0 pied d\u2019\u0153uvre pour r\u00e9tablir au plut\u00f4t les circulations ferroviaires\u00a0\u00bb, rassure le Dg dans son communiqu\u00e9.<\/p>\n<p><strong>Lire aussi : <a href=\"https:\/\/ecomatin.net\/transport-ferroviaire-les-tarifs-du-train-express-de-camrail-augmentent-jusqua-150\/\">Transport ferroviaire : les tarifs du \u00ab Train Express \u00bb de Camrail augmentent jusqu\u2019\u00e0 150%<\/a><\/strong><\/p>\n<p>Il convient de souligner que les incidents sont r\u00e9currents sur le voie ferr\u00e9e camerounaise avec des cons\u00e9quentes sur la mobilit\u00e9 des personnes et des biens. L\u2019incident de ce 2 mars est le deuxi\u00e8me enregistr\u00e9 sur le chemin de fer depuis le d\u00e9but de cette nouvelle ann\u00e9e. Le dernier en date \u00e9tant le\u00a0\u00a0d\u00e9raillement d\u2019un train marchandise le 2 f\u00e9vrier dernier entre la gare de Menloh Maloume et \u00c9seka. Aucune perte en vie humaine n\u2019est signal\u00e9e jusqu\u2019ici, mais chacun de ces incidents fait rejaillir \u00e0 l\u2019esprit le drame ferroviaire de 2016 dans la ville d\u2019Es\u00e9ka, et qui avait co\u00fbt\u00e9 la vie \u00e0 pr\u00e8s de 80 personnes, et plus de 500 bless\u00e9s.<\/p>\n<p><strong>Lire aussi : <a href=\"https:\/\/ecomatin.net\/transport-ferroviaire-le-train-express-de-camrail-affiche-deja-des-insuffisances\/\">Transport ferroviaire : le \u00ab Train Express \u00bb de Camrail affiche d\u00e9j\u00e0 des insuffisances<\/a><\/strong><\/p>\n<p>L\u2019article <a rel=\"nofollow\" href=\"https:\/\/ecomatin.net\/camrail-suspend-le-trafic-entre-douala-et-yaounde-a-cause-dun-incident-sur-la-voie-ferree\/\">Camrail suspend le trafic entre Douala et Yaound\u00e9 \u00e0 cause d\u2019un incident sur la voie ferr\u00e9e<\/a> est apparu en premier sur <a rel=\"nofollow\" href=\"https:\/\/ecomatin.net\/\">EcoMatin<\/a>.<\/p>\n<\/div>\n<p>Auteur: Yannick KENNE<br \/>\n<a href=\"https:\/\/ecomatin.net\/camrail-suspend-le-trafic-entre-douala-et-yaounde-a-cause-dun-incident-sur-la-voie-ferree\/\">Cliquez ici pour lire l&rsquo;article depuis sa source.<\/a><\/p>\n","protected":false},"excerpt":{"rendered":"<p>La liaison entre Douala et Yaound\u00e9 est provisoirement coup\u00e9e par voie ferr\u00e9e depuis le mercredi 02 mars 2022, en raison d\u2019un incident survenu entre les gares de Ngoumou et de Makak, renseigne la compagnie nationale de transport ferroviaire Cameroon Railways (Camrail), dans un communiqu\u00e9 rendu public ce jeudi 03 mars 2022. L\u2019entreprise n\u2019est pas assez [&hellip;]<\/p>\n","protected":false},"author":1969,"featured_media":0,"comment_status":"closed","ping_status":"closed","sticky":false,"template":"","format":"standard","meta":{"fifu_image_url":"","fifu_image_alt":"","footnotes":""},"categories":[82,78],"tags":[],"class_list":["post-142262","post","type-post","status-publish","format-standard","hentry","category-cameroun","category-economie"],"_links":{"self":[{"href":"https:\/\/linitiative.ca\/International\/wp-json\/wp\/v2\/posts\/142262","targetHints":{"allow":["GET"]}}],"collection":[{"href":"https:\/\/linitiative.ca\/International\/wp-json\/wp\/v2\/posts"}],"about":[{"href":"https:\/\/linitiative.ca\/International\/wp-json\/wp\/v2\/types\/post"}],"author":[{"embeddable":true,"href":"https:\/\/linitiative.ca\/International\/wp-json\/wp\/v2\/users\/1969"}],"replies":[{"embeddable":true,"href":"https:\/\/linitiative.ca\/International\/wp-json\/wp\/v2\/comments?post=142262"}],"version-history":[{"count":0,"href":"https:\/\/linitiative.ca\/International\/wp-json\/wp\/v2\/posts\/142262\/revisions"}],"wp:attachment":[{"href":"https:\/\/linitiative.ca\/International\/wp-json\/wp\/v2\/media?parent=142262"}],"wp:term":[{"taxonomy":"category","embeddable":true,"href":"https:\/\/linitiative.ca\/International\/wp-json\/wp\/v2\/categories?post=142262"},{"taxonomy":"post_tag","embeddable":true,"href":"https:\/\/linitiative.ca\/International\/wp-json\/wp\/v2\/tags?post=142262"}],"curies":[{"name":"wp","href":"https:\/\/api.w.org\/{rel}","templated":true}]}}