{"id":142263,"date":"2022-03-03T09:53:38","date_gmt":"2022-03-03T14:53:38","guid":{"rendered":"https:\/\/linitiative.ca\/International\/sante-de-lenfant-nestle-cameroun-et-socaped-accueillent-21-nouveaux-residents-en-pediatrie\/"},"modified":"2022-03-03T09:53:38","modified_gmt":"2022-03-03T14:53:38","slug":"sante-de-lenfant-nestle-cameroun-et-socaped-accueillent-21-nouveaux-residents-en-pediatrie","status":"publish","type":"post","link":"https:\/\/linitiative.ca\/International\/sante-de-lenfant-nestle-cameroun-et-socaped-accueillent-21-nouveaux-residents-en-pediatrie\/","title":{"rendered":"Sant\u00e9 de l\u2019enfant : Nestl\u00e9 Cameroun et Socaped accueillent 21 nouveaux r\u00e9sidents en p\u00e9diatrie"},"content":{"rendered":"<div>\n<p>Le domaine de la p\u00e9diatrie vient de s\u2019enrichir de 21 nouveaux professionnels. A cet effet, Nestl\u00e9 Cameroun en partenariat avec la Soci\u00e9t\u00e9 Camerounaise de P\u00e9diatrie (Socaped) ont organis\u00e9 le 23 f\u00e9vrier dernier \u00e0 Yaound\u00e9, une c\u00e9r\u00e9monie \u00e0 leur attention. Ceci, pour les accompagner dans le choix de carri\u00e8re qu\u2019ils ont fait, qui est celui de se consacrer \u00e0 la sant\u00e9 et au bien-\u00eatre de l\u2019enfant au Cameroun.<\/p>\n<p>\u00ab Je me joins \u00e0 la Socaped pour souhaiter la bienvenue aux nouveaux r\u00e9sidents en p\u00e9diatrie et leur adresser mes v\u0153ux de plein succ\u00e8s dans leur carri\u00e8re professionnelle. A travers l\u2019Institut Nestl\u00e9 Nutrition, nous continuerons \u00e0 accompagner les nouveaux r\u00e9sidents ainsi que l\u2019ensemble des professionnels de la sant\u00e9 en mati\u00e8re de renforcement des capacit\u00e9s sur les questions de nutrition infantile \u00bb, commentait Robert Helou, Administrateur G\u00e9n\u00e9ral de Nestl\u00e9 Cameroun.<\/p>\n<p><strong>Lire aussi<\/strong> : <strong><a href=\"https:\/\/ecomatin.net\/sante-publique-nestle-cameroun-sengage-contre-la-malnutrition-et-lanemie\/\">Sant\u00e9 publique : Nestl\u00e9 Cameroun s\u2019engage contre la malnutrition et l\u2019an\u00e9mie<\/a><\/strong><\/p>\n<p>La c\u00e9r\u00e9monie s\u2019inscrit en droite ligne dans le cadre du partenariat strat\u00e9gique qui existe depuis 19 ans aujourd\u2019hui entre les deux structures. Il a pour objectif de contribuer au renforcement des capacit\u00e9s des professionnels de la sant\u00e9 afin de leur permettre d\u2019offrir les meilleurs soins de sant\u00e9 aux enfants et aux familles au Cameroun.<\/p>\n<p>Conscient du fait que la carence en fer est l\u2019un des troubles qui peut \u00eatre source de difficult\u00e9s scolaires chez l\u2019enfant, Nestl\u00e9 a saisi cette occasion pour rappeler l\u2019importance du FER dans la bonne alimentation et la croissance saine de l\u2019enfant. L\u2019entreprise contribue ainsi \u00e0 lutter contre cette carence, en offrant des aliments enrichis en FER tels que la c\u00e9r\u00e9ale infantile Nestl\u00e9 Cerelac, le lait en poudre NIDO et le cube Maggi.<\/p>\n<p><strong>Lire aussi<\/strong> : <strong><a href=\"https:\/\/ecomatin.net\/responsabilite-societale-nestle-cameroun-renforcee-son-engagement-pour-la-biodiversite\/\">Responsabilit\u00e9 soci\u00e9tale : Nestl\u00e9 Cameroun renforce son engagement pour la biodiversit\u00e9<\/a><\/strong><\/p>\n<p>\u00ab En tant qu\u2019entreprise du Good Food, Good Life, Nestl\u00e9 croit en la force d\u2019une bonne alimentation pour am\u00e9liorer la qualit\u00e9 de vie de tous aujourd\u2019hui, ainsi que celle des g\u00e9n\u00e9rations futures \u00bb, note la soci\u00e9t\u00e9. Une \u00e9tude scientifique coordonn\u00e9e par le Pr Tetanye Ekoe et publi\u00e9e en 2020, d\u00e9montre clairement l\u2019efficacit\u00e9 d\u2019une c\u00e9r\u00e9ale \u00e0 base de bl\u00e9, fortifi\u00e9e en FER dans la pr\u00e9vention et la correction de l\u2019an\u00e9mie ferriprive chez les enfants de 18 \u00e0 59 mois \u00e0 Salapoumb\u00e9 (r\u00e9gion de l\u2019Est Cameroun).<\/p>\n<p>Des actions louables de l\u2019entreprise d\u2019autant plus que les questions p\u00e9diatriques occupent au plus haut point la multinationale suisse. On se souvient qu\u2019en 2019, elle organisait la troisi\u00e8me \u00e9dition du Forum Nutrition en vue d\u2019apporter des solutions \u00e0 ce ph\u00e9nom\u00e8ne. \u00ab Les d\u00e9fis d\u2019une alimentation saine, abordable et accessible pour r\u00e9duire la faim d\u2019ici 2035 au Cameroun \u00bb. C\u2019\u00e9tait alors le fil conducteur de ce forum.<\/p>\n<p><strong>Lire aussi<\/strong> : <strong><a href=\"https:\/\/ecomatin.net\/droits-sociaux-20-millions-de-fcfa-divisent-nestle-cameroun-s-a-et-14-ex-employes\/\">Droits sociaux : 20 millions de FCFA divisent Nestl\u00e9 Cameroun S.A et 14 ex-employ\u00e9s<\/a><\/strong><\/p>\n<p>L\u2019article <a rel=\"nofollow\" href=\"https:\/\/ecomatin.net\/sante-de-lenfant-nestle-cameroun-et-socaped-accueillent-21-nouveaux-residents-en-pediatrie\/\">Sant\u00e9 de l\u2019enfant : Nestl\u00e9 Cameroun et Socaped accueillent 21 nouveaux r\u00e9sidents en p\u00e9diatrie<\/a> est apparu en premier sur <a rel=\"nofollow\" href=\"https:\/\/ecomatin.net\/\">EcoMatin<\/a>.<\/p>\n<\/div>\n<p>Auteur: Amina MALLOUM<br \/>\n<a href=\"https:\/\/ecomatin.net\/sante-de-lenfant-nestle-cameroun-et-socaped-accueillent-21-nouveaux-residents-en-pediatrie\/\">Cliquez ici pour lire l&rsquo;article depuis sa source.<\/a><\/p>\n","protected":false},"excerpt":{"rendered":"<p>Le domaine de la p\u00e9diatrie vient de s\u2019enrichir de 21 nouveaux professionnels. A cet effet, Nestl\u00e9 Cameroun en partenariat avec la Soci\u00e9t\u00e9 Camerounaise de P\u00e9diatrie (Socaped) ont organis\u00e9 le 23 f\u00e9vrier dernier \u00e0 Yaound\u00e9, une c\u00e9r\u00e9monie \u00e0 leur attention. Ceci, pour les accompagner dans le choix de carri\u00e8re qu\u2019ils ont fait, qui est celui de [&hellip;]<\/p>\n","protected":false},"author":1969,"featured_media":0,"comment_status":"closed","ping_status":"closed","sticky":false,"template":"","format":"standard","meta":{"fifu_image_url":"","fifu_image_alt":"","footnotes":""},"categories":[82,78],"tags":[],"class_list":["post-142263","post","type-post","status-publish","format-standard","hentry","category-cameroun","category-economie"],"_links":{"self":[{"href":"https:\/\/linitiative.ca\/International\/wp-json\/wp\/v2\/posts\/142263","targetHints":{"allow":["GET"]}}],"collection":[{"href":"https:\/\/linitiative.ca\/International\/wp-json\/wp\/v2\/posts"}],"about":[{"href":"https:\/\/linitiative.ca\/International\/wp-json\/wp\/v2\/types\/post"}],"author":[{"embeddable":true,"href":"https:\/\/linitiative.ca\/International\/wp-json\/wp\/v2\/users\/1969"}],"replies":[{"embeddable":true,"href":"https:\/\/linitiative.ca\/International\/wp-json\/wp\/v2\/comments?post=142263"}],"version-history":[{"count":0,"href":"https:\/\/linitiative.ca\/International\/wp-json\/wp\/v2\/posts\/142263\/revisions"}],"wp:attachment":[{"href":"https:\/\/linitiative.ca\/International\/wp-json\/wp\/v2\/media?parent=142263"}],"wp:term":[{"taxonomy":"category","embeddable":true,"href":"https:\/\/linitiative.ca\/International\/wp-json\/wp\/v2\/categories?post=142263"},{"taxonomy":"post_tag","embeddable":true,"href":"https:\/\/linitiative.ca\/International\/wp-json\/wp\/v2\/tags?post=142263"}],"curies":[{"name":"wp","href":"https:\/\/api.w.org\/{rel}","templated":true}]}}