{"id":142264,"date":"2022-03-04T08:00:16","date_gmt":"2022-03-04T13:00:16","guid":{"rendered":"https:\/\/linitiative.ca\/International\/le-maroc-elu-president-de-la-6eme-assemblee-des-nations-unies-pour-lenvironnement\/"},"modified":"2022-03-04T08:00:16","modified_gmt":"2022-03-04T13:00:16","slug":"le-maroc-elu-president-de-la-6eme-assemblee-des-nations-unies-pour-lenvironnement","status":"publish","type":"post","link":"https:\/\/linitiative.ca\/International\/le-maroc-elu-president-de-la-6eme-assemblee-des-nations-unies-pour-lenvironnement\/","title":{"rendered":"Le Maroc \u00e9lu pr\u00e9sident de la 6\u00e8me Assembl\u00e9e  des Nations Unies pour l\u2019environnement"},"content":{"rendered":"<div>\n<p><img loading=\"lazy\" decoding=\"async\" width=\"300\" height=\"153\" src=\"https:\/\/linitiative.ca\/International\/wp-content\/uploads\/sites\/23\/2022\/03\/Leila-Benali-1-300x153-1.jpg\" class=\"attachment-medium size-medium wp-post-image\" alt=\"\" srcset=\"https:\/\/linitiative.ca\/International\/wp-content\/uploads\/sites\/23\/2022\/03\/Leila-Benali-1-300x153-1.jpg 300w, https:\/\/aujourdhui.ma\/wp-content\/uploads\/2022\/03\/Leila-Benali-1-274x140.jpg 274w, https:\/\/aujourdhui.ma\/wp-content\/uploads\/2022\/03\/Leila-Benali-1.jpg 746w, https:\/\/aujourdhui.ma\/wp-content\/uploads\/2022\/03\/Leila-Benali-1-165x84.jpg 165w, https:\/\/aujourdhui.ma\/wp-content\/uploads\/2022\/03\/Leila-Benali-1-702x358.jpg 702w\" sizes=\"auto, (max-width: 300px) 100vw, 300px\"><\/p>\n<p><span style=\"font-size: 20px; color: #800000;\"><strong>Il s\u2019agit de la plus haute autorit\u00e9 en mati\u00e8re environnementale dans le syst\u00e8me onusien<\/strong><\/span><span id=\"more-401512\"><\/span><\/p>\n<p>Le Royaume du Maroc a \u00e9t\u00e9 \u00e9lu, mercredi \u00e0 Nairobi, par acclamation, pr\u00e9sident de la 6\u00e8me Assembl\u00e9e des Nations Unies pour l\u2019environnement (UNEA-6), pour un mandat de deux ans. Le Maroc, repr\u00e9sent\u00e9 par Leila Benali, ministre de la transition \u00e9nerg\u00e9tique et du d\u00e9veloppement durable, a \u00e9t\u00e9 \u00e9lu \u00e0 la pr\u00e9sidence de l\u2019UNEA-6 apr\u00e8s sa d\u00e9signation, lundi, \u00e0 l\u2019issue d\u2019un vote majoritaire refl\u00e9tant un large soutien au sein du groupe africain, en tant que repr\u00e9sentant du continent \u00e0 ce prestigieux poste, relevant du Programme des Nations Unies pour l\u2019Environnement (PNUE), la plus haute autorit\u00e9 en mati\u00e8re environnementale dans le syst\u00e8me onusien.<\/p>\n<p>Le Royaume assumera pour la premi\u00e8re fois la pr\u00e9sidence de cette instance d\u2019envergure, qui constitue le forum mondial sur l\u2019environnement de haut niveau le plus important au monde, et dont la mission consiste \u00e0 discuter et rendre mondiaux les engagements pour la protection environnementale. Dans une d\u00e9claration \u00e0 cette occasion, Mme Benali a exprim\u00e9 ses remerciements aux diff\u00e9rents pays pour la confiance accord\u00e9e \u00e0 la candidature du Maroc, se disant honor\u00e9e d\u2019assumer cette responsabilit\u00e9. C\u2019est un honneur pour le Maroc et pour toute l\u2019Afrique, a-t-elle d\u00e9clar\u00e9, adressant, par la m\u00eame, ses f\u00e9licitations au pr\u00e9sident de l\u2019UNEA-5, Espen Barth Eide, ministre du climat et de l\u2019environnement de la Norv\u00e8ge, pour son leadership et son r\u00f4le dans l\u2019avancement des discussions autour de toutes les questions soulev\u00e9es dans le cadre de l\u2019Agenda de l\u2019Assembl\u00e9e.<br \/>\nSoulignant la conjoncture actuelle marqu\u00e9e par une crise environnementale, la ministre Benali a not\u00e9 que le seuil de l\u2019irr\u00e9versibilit\u00e9 sera bient\u00f4t d\u00e9pass\u00e9 en l\u2019absence d\u2019une action imm\u00e9diate.<br \/>\n\u00abDans un esprit de continuit\u00e9 et d\u2019efficacit\u00e9, nous souhaitons consolider les acquis de nos pr\u00e9d\u00e9cesseurs et acc\u00e9l\u00e9rer la mise en \u0153uvre des r\u00e9solutions d\u00e9j\u00e0 adopt\u00e9es. Nous voulons contribuer efficacement \u00e0 la r\u00e9alisation des objectifs de d\u00e9veloppement durable convenus il y a des ann\u00e9es\u00bb, a-t-elle affirm\u00e9.<\/p>\n<p>Elle a de m\u00eame insist\u00e9 sur l\u2019imp\u00e9ratif de traduire les r\u00e9solutions en des actions concr\u00e8tes et commencer par celles relatives \u00e0 la pollution plastique et aux produits et d\u00e9chets chimiques, estimant que les solutions pr\u00e9conis\u00e9es doivent \u00eatre ressenties par les citoyens du monde, comme leur droit \u00e0 un environnement durable.<br \/>\nLa responsable gouvernementale a \u00e9galement affirm\u00e9 sa d\u00e9termination \u00e0 ne m\u00e9nager aucun effort et travailler avec toutes les r\u00e9gions, afin de consolider l\u2019autorit\u00e9 de l\u2019UNEA en tant qu\u2019institution fixant l\u2019agenda environnemental mondial.<br \/>\n\u00abOutre l\u2019efficacit\u00e9, la cl\u00e9 de notre succ\u00e8s r\u00e9side dans les partenariats que nous r\u00e9ussirons \u00e0 forger entre les gouvernements, le secteur priv\u00e9 et la soci\u00e9t\u00e9 civile\u00bb, a poursuivi la ministre, soulignant l\u2019importance de la coop\u00e9ration multilat\u00e9rale et la solidarit\u00e9 internationale en mati\u00e8re de lutte contre les d\u00e9fis environnementaux.<\/p>\n<p>Fort de son leadership accumul\u00e9 en mati\u00e8re de protection de l\u2019environnement et de ses initiatives ambitieuses impuls\u00e9es par la vision \u00e9clair\u00e9e de SM le Roi Mohammed VI, le Maroc a su gagner la confiance de la communaut\u00e9 internationale.<br \/>\nLe succ\u00e8s de la candidature du Maroc constitue, ainsi, le couronnement de son engagement constant et de son choix irr\u00e9versible en mati\u00e8re de protection de l\u2019environnement et du d\u00e9veloppement durable au niveau national, et consacre \u00e9galement son r\u00f4le dans la mise en place d\u2019initiatives en faveur du continent africain.<\/p>\n<p>Cette \u00e9lection marque \u00e9galement la reconnaissance ind\u00e9niable et le soutien clair de la communaut\u00e9 internationale \u00e0 l\u2019engagement du Royaume en mati\u00e8re de questions environnementales.<br \/>\nCe nouveau succ\u00e8s r\u00e9affirme la cr\u00e9dibilit\u00e9 dont jouit le Royaume pour continuer \u00e0 porter la voix de l\u2019Afrique au sein des instances internationales pour une action collective, juste et solidaire. Il s\u2019inscrit dans le prolongement de l\u2019engagement de longue date du Maroc, concr\u00e9tis\u00e9 \u00e0 travers plusieurs initiatives en particulier celles ayant couronn\u00e9 le premier Sommet africain de l\u2019action en faveur d\u2019une co-\u00e9mergence continentale, organis\u00e9e \u00e0 l\u2019initiative de SM le Roi en marge de la COP22 \u00e0 Marrakech. La cons\u00e9cration du Royaume du Maroc, qui est le r\u00e9sultat d\u2019une intense mobilisation diplomatique, vient conforter la strat\u00e9gie du Royaume visant \u00e0 garantir une plus grande visibilit\u00e9 et une pr\u00e9sence influente sur la sc\u00e8ne internationale, conform\u00e9ment aux Hautes Orientations Royales.<\/p>\n<\/div>\n<p>Auteur: ALM<br \/>\n<a href=\"https:\/\/aujourdhui.ma\/economie\/le-maroc-elu-president-de-la-6eme-assemblee-des-nations-unies-pour-lenvironnement\">Cliquez ici pour lire l&rsquo;article depuis sa source.<\/a><\/p>\n","protected":false},"excerpt":{"rendered":"<p>Il s\u2019agit de la plus haute autorit\u00e9 en mati\u00e8re environnementale dans le syst\u00e8me onusien Le Royaume du Maroc a \u00e9t\u00e9 \u00e9lu, mercredi \u00e0 Nairobi, par acclamation, pr\u00e9sident de la 6\u00e8me Assembl\u00e9e des Nations Unies pour l\u2019environnement (UNEA-6), pour un mandat de deux ans. Le Maroc, repr\u00e9sent\u00e9 par Leila Benali, ministre de la transition \u00e9nerg\u00e9tique et [&hellip;]<\/p>\n","protected":false},"author":1759,"featured_media":0,"comment_status":"closed","ping_status":"closed","sticky":false,"template":"","format":"standard","meta":{"fifu_image_url":"https:\/\/aujourdhui.ma\/wp-content\/uploads\/2022\/03\/Leila-Benali-1-300x153.jpg","fifu_image_alt":"Le Maroc \u00e9lu pr\u00e9sident de la 6\u00e8me Assembl\u00e9e  des Nations Unies pour l\u2019environnement","footnotes":""},"categories":[73,54],"tags":[],"class_list":["post-142264","post","type-post","status-publish","format-standard","hentry","category-actualite","category-maroc"],"_links":{"self":[{"href":"https:\/\/linitiative.ca\/International\/wp-json\/wp\/v2\/posts\/142264","targetHints":{"allow":["GET"]}}],"collection":[{"href":"https:\/\/linitiative.ca\/International\/wp-json\/wp\/v2\/posts"}],"about":[{"href":"https:\/\/linitiative.ca\/International\/wp-json\/wp\/v2\/types\/post"}],"author":[{"embeddable":true,"href":"https:\/\/linitiative.ca\/International\/wp-json\/wp\/v2\/users\/1759"}],"replies":[{"embeddable":true,"href":"https:\/\/linitiative.ca\/International\/wp-json\/wp\/v2\/comments?post=142264"}],"version-history":[{"count":0,"href":"https:\/\/linitiative.ca\/International\/wp-json\/wp\/v2\/posts\/142264\/revisions"}],"wp:attachment":[{"href":"https:\/\/linitiative.ca\/International\/wp-json\/wp\/v2\/media?parent=142264"}],"wp:term":[{"taxonomy":"category","embeddable":true,"href":"https:\/\/linitiative.ca\/International\/wp-json\/wp\/v2\/categories?post=142264"},{"taxonomy":"post_tag","embeddable":true,"href":"https:\/\/linitiative.ca\/International\/wp-json\/wp\/v2\/tags?post=142264"}],"curies":[{"name":"wp","href":"https:\/\/api.w.org\/{rel}","templated":true}]}}