{"id":142266,"date":"2022-03-04T09:00:33","date_gmt":"2022-03-04T14:00:33","guid":{"rendered":"https:\/\/linitiative.ca\/International\/cartographie-des-enfants-places-dans-les-etablissements-de-protection-sociale-au-maroc\/"},"modified":"2022-03-04T09:00:33","modified_gmt":"2022-03-04T14:00:33","slug":"cartographie-des-enfants-places-dans-les-etablissements-de-protection-sociale-au-maroc","status":"publish","type":"post","link":"https:\/\/linitiative.ca\/International\/cartographie-des-enfants-places-dans-les-etablissements-de-protection-sociale-au-maroc\/","title":{"rendered":"Cartographie des enfants plac\u00e9s dans les \u00e9tablissements de protection sociale au Maroc"},"content":{"rendered":"<div>\n<p><img loading=\"lazy\" decoding=\"async\" width=\"300\" height=\"153\" src=\"https:\/\/linitiative.ca\/International\/wp-content\/uploads\/sites\/23\/2022\/03\/Maroc-enfants-eCC81tablissements-de-protection-sociale-300x153-1.jpg\" class=\"attachment-medium size-medium wp-post-image\" alt=\"\" srcset=\"https:\/\/linitiative.ca\/International\/wp-content\/uploads\/sites\/23\/2022\/03\/Maroc-enfants-eCC81tablissements-de-protection-sociale-300x153-1.jpg 300w, https:\/\/aujourdhui.ma\/wp-content\/uploads\/2022\/03\/Maroc-enfants-e\u0301tablissements-de-protection-sociale-274x140.jpg 274w, https:\/\/aujourdhui.ma\/wp-content\/uploads\/2022\/03\/Maroc-enfants-e\u0301tablissements-de-protection-sociale.jpg 746w, https:\/\/aujourdhui.ma\/wp-content\/uploads\/2022\/03\/Maroc-enfants-e\u0301tablissements-de-protection-sociale-165x84.jpg 165w, https:\/\/aujourdhui.ma\/wp-content\/uploads\/2022\/03\/Maroc-enfants-e\u0301tablissements-de-protection-sociale-702x358.jpg 702w\" sizes=\"auto, (max-width: 300px) 100vw, 300px\"><\/p>\n<p><span style=\"font-size: 20px; color: #800000;\"><strong>Effectifs, conditions physiques, raisons de placement\u2026<\/strong><\/span><span id=\"more-401517\"><\/span><\/p>\n<p><span style=\"color: #ff0000;\">Le handicap est de loin le probl\u00e8me de sant\u00e9 majeur rencontr\u00e9 au sein de la population des b\u00e9n\u00e9ficiaires. Ainsi 463 cas de handicap mental ont \u00e9t\u00e9 notifi\u00e9s, 186 cas de handicap associ\u00e9s, 103 cas de handicap moteur et\/ou physique et 40 cas d\u2019autisme.<\/span><\/p>\n<p>Le minist\u00e8re de la solidarit\u00e9, du d\u00e9veloppement social, de l\u2019\u00e9galit\u00e9 et de la famille (MSDSEF), avec l\u2019appui de l\u2019Unicef, a publi\u00e9 les r\u00e9sultats de son \u00e9tude men\u00e9e aupr\u00e8s des \u00e9tablissements de protection sociale (EPS) et des structures hospitali\u00e8res accueillant les enfants priv\u00e9s de protection parentale. Cette \u00e9tude a ainsi permis de collecter des donn\u00e9es au niveau national pour d\u00e9terminer d\u2019une part le nombre d\u2019enfants plac\u00e9s en institutions et d\u2019autre part conna\u00eetre le profil exact de ces enfants. Au total, les 69 EPS ayant particip\u00e9 \u00e0 l\u2019enqu\u00eate accueillent 7.430 b\u00e9n\u00e9ficiaires. La moyenne des b\u00e9n\u00e9ficiaires par EPS est de 107,43 avec une m\u00e9diane de 78. En extrapolant le nombre de b\u00e9n\u00e9ficiaires dans l\u2019\u00e9chantillon, on estime le nombre total de b\u00e9n\u00e9ficiaires accueillis dans les 97 EPS que compte le Maroc \u00e0 10.445 b\u00e9n\u00e9ficiaires. Pr\u00e8s des deux tiers des b\u00e9n\u00e9ficiaires se concentrent dans trois r\u00e9gions : Casablanca-Settat (23%), F\u00e8s-Mekn\u00e8s (20%) et Rabat-Sal\u00e9-K\u00e9nitra (19%). Six r\u00e9gions comptent moins de 500 b\u00e9n\u00e9ficiaires. Concernant la r\u00e9partition par province\/pr\u00e9fecture, trois provinces regroupent 39% des b\u00e9n\u00e9ficiaires: Casablanca (1.203 b\u00e9n\u00e9ficiaires), Rabat (1.003) et F\u00e8s (711). La population des b\u00e9n\u00e9ficiaires de l\u2019\u00e9chantillon se r\u00e9partit entre 2.442 filles et 4.988 gar\u00e7ons. Les b\u00e9n\u00e9ficiaires gar\u00e7ons repr\u00e9sentent 67% du total. Sur la base de la moyenne des b\u00e9n\u00e9ficiaires par genre et par EPS, le nombre total de b\u00e9n\u00e9ficiaires filles dans les 97 EPS que compte le Maroc est estim\u00e9 \u00e0 3.427 filles et 7.012 gar\u00e7ons. En moyenne un EPS accueille 35,4 filles et 72,3 gar\u00e7ons. Par ailleurs, l\u2019enqu\u00eate r\u00e9v\u00e8le que la moiti\u00e9 de la population des b\u00e9n\u00e9ficiaires pr\u00e9sente dans les 69 EPS enqu\u00eat\u00e9s a int\u00e9gr\u00e9 l\u2019\u00e9tablissement auquel elle est rattach\u00e9e \u00e0 5 ans ou moins et l\u2019autre moiti\u00e9 \u00e0 6 ans et plus. Plus du tiers des b\u00e9n\u00e9ficiaires r\u00e9pertori\u00e9s dans l\u2019\u00e9tude ont int\u00e9gr\u00e9 l\u2019\u00e9tablissement entre 4 et 5 ans. Il s\u2019agit l\u00e0 de la tranche d\u2019\u00e2ge la plus importante en termes d\u2019\u00e2ge d\u2019int\u00e9gration. \u00abUn chiffre qui peut s\u2019expliquer par le fait que la tranche 4-5 ans est l\u2019\u00e2ge auquel l\u2019enfant doit commencer \u00e0 aller \u00e0 l\u2019\u00e9cole et o\u00f9 se va poser avec plus d\u2019acuit\u00e9 la probl\u00e9matique des moyens financiers limit\u00e9s de la famille. Il s\u2019agit donc probablement de placements pour cause de pr\u00e9carit\u00e9\u00bb indique le rapport. Notons par ailleurs que 12,6% des b\u00e9n\u00e9ficiaires ont int\u00e9gr\u00e9 l\u2019EPS \u00e0 plus de 18 ans.<\/p>\n<p><span style=\"color: #ff0000;\"><strong>Au moins un cas de handicap dans 52 EPS sur 69<\/strong> <\/span><\/p>\n<p>Le handicap est de loin le probl\u00e8me de sant\u00e9 majeur rencontr\u00e9 au sein de la population des b\u00e9n\u00e9ficiaires. Ainsi 463 cas de handicap mental ont \u00e9t\u00e9 notifi\u00e9s, 186 cas de handicap associ\u00e9s, 103 cas de handicap moteur et\/ou physique et 40 cas d\u2019autisme. Au total dans l\u2019\u00e9chantillon on recense 1.016 b\u00e9n\u00e9ficiaires \u00e0 besoins sp\u00e9cifiques parmi une population de 7.014 b\u00e9n\u00e9ficiaires, soit une pr\u00e9valence de 14,5%. Il est \u00e0 noter que 52 EPS sur les 69 reportent au moins un cas de handicap parmi leurs b\u00e9n\u00e9ficiaires. Quant \u00e0 l\u2019\u00e9tat de sant\u00e9 des b\u00e9n\u00e9ficiaires, l\u2019\u00e9tude r\u00e9v\u00e8le que les affections pouvant \u00eatre li\u00e9es aux conditions de vie au sein de l\u2019EPS constituent le deuxi\u00e8me probl\u00e8me de sant\u00e9 apr\u00e8s le handicap. Au total, 165 cas de maladies dermatologiques ont \u00e9t\u00e9 d\u00e9clar\u00e9s et 114 cas d\u2019an\u00e9mie. L\u2019allergie et l\u2019asthme sont les deux autres maladies chroniques les plus importantes. Les b\u00e9n\u00e9ficiaires interrog\u00e9s dans le cadre de cette enqu\u00eate d\u00e9plorent la nourriture de mauvaise qualit\u00e9, peu vari\u00e9e et domin\u00e9e par des p\u00e2tes et des f\u00e9culents, une couverture sanitaire d\u00e9faillante et un manque de produits d\u2019hygi\u00e8ne personnelle.<\/p>\n<p><span style=\"color: #ff0000;\"><strong>32% des b\u00e9n\u00e9ficiaires n\u2019ont aucune attache familiale<\/strong><\/span><\/p>\n<p>Selon l\u2019\u00e9tude, les enfants d\u2019un ou deux parents inconnus repr\u00e9sentent le profil majoritaire (2.819 b\u00e9n\u00e9ficiaires, soit 40,2% de la population de l\u2019\u00e9chantillon). Pour l\u2019ensemble de cette cat\u00e9gorie le lien avec le p\u00e8re est manquant et pour pr\u00e8s d\u2019un enfant sur deux le lien avec la m\u00e8re manque \u00e9galement. Au total, 32,6% de la population des b\u00e9n\u00e9ficiaires n\u2019a aucune attache familiale et peut \u00eatre consid\u00e9r\u00e9e comme des enfants abandonn\u00e9s (les deux parents inconnus ou p\u00e8re inconnu et m\u00e8re connue mais sans tutelle). Le deuxi\u00e8me profil le plus important est compos\u00e9 des enfants de parents connus, ils repr\u00e9sentent 27,3%. Les enfants dont les parents ont perdu la tutelle l\u00e9gale repr\u00e9sentant 3,5% et les orphelins des deux parents 2,6%. La forte repr\u00e9sentation des enfants de parents connus qui gardent la tutelle de l\u2019enfant laisse penser qu\u2019il s\u2019agit l\u00e0 de placements pour cause de pr\u00e9carit\u00e9 essentiellement (17.8%). Selon ladite \u00e9tude, il existe trois cat\u00e9gories d\u2019enfants en situation difficile. Il s\u2019agit des enfants priv\u00e9s de protection parentale dans lesquels on retrouve essentiellement les orphelins, les enfants en situation de rue, les enfants abandonn\u00e9s et les enfants plac\u00e9s en institution. La deuxi\u00e8me cat\u00e9gorie concerne les enfants qui b\u00e9n\u00e9ficient d\u2019une protection parentale mais qui est \u00abd\u00e9faillante\u00bb, c\u2019est-\u00e0-dire qu\u2019elle ne permet pas de garantir le bien-\u00eatre et la s\u00e9curit\u00e9 de l\u2019enfant. La 3\u00e8me cat\u00e9gorie est celle des enfants qui b\u00e9n\u00e9ficient d\u2019une protection parentale mais sont en situation difficile. Par ailleurs, le placement par l\u2019un des parents reste le cas le plus fr\u00e9quent et repr\u00e9sente 41,6% des b\u00e9n\u00e9ficiaires des 61 EPS ayant particip\u00e9 \u00e0 l\u2019enqu\u00eate. Dans 23,7% des cas, il s\u2019agit d\u2019un placement par d\u00e9cision judiciaire (orient\u00e9 directement par le tribunal sous ordre du procureur\/juge) et le placement par un autre EPS (12,5%). On retrouve des cas rares de placement orient\u00e9 par l\u2019autorit\u00e9 locale.<\/p>\n<p><span style=\"color: #ff0000;\"><strong>L\u2019abandon pour cause de non-mariage, premi\u00e8re raison du placement<\/strong><\/span><\/p>\n<p>L\u2019\u00e9tude signale trois raisons qui motivent le placement des enfants dans les \u00e9tablissements de protection sociale. Selon les responsables des EPS interrog\u00e9s, il s\u2019agit des naissances en dehors des liens du mariage, la pauvret\u00e9 mon\u00e9taire et le divorce ou la s\u00e9paration. Ainsi c\u2019est l\u2019abandon par un et\/ou les deux parents pour cause de non-mariage qui est la premi\u00e8re raison du placement \u00e0 raison de 26,6%, suivi de la pauvret\u00e9 mon\u00e9taire (22,3%) et la dislocation familiale (19,1%). Dans le cadre de cette enqu\u00eate les hommes estiment que dans certains cas placer son enfant en institution en attendant que la situation de la famille s\u2019am\u00e9liore vaut mieux que de le laisser livr\u00e9 \u00e0 lui-m\u00eame ou expos\u00e9 \u00e0 des risques de violence.<\/p>\n<\/div>\n<p>Auteur: Laila Zerrour<br \/>\n<a href=\"https:\/\/aujourdhui.ma\/societe\/cartographie-des-enfants-places-dans-les-etablissements-de-protection-sociale-au-maroc\">Cliquez ici pour lire l&rsquo;article depuis sa source.<\/a><\/p>\n","protected":false},"excerpt":{"rendered":"<p>Effectifs, conditions physiques, raisons de placement\u2026 Le handicap est de loin le probl\u00e8me de sant\u00e9 majeur rencontr\u00e9 au sein de la population des b\u00e9n\u00e9ficiaires. Ainsi 463 cas de handicap mental ont \u00e9t\u00e9 notifi\u00e9s, 186 cas de handicap associ\u00e9s, 103 cas de handicap moteur et\/ou physique et 40 cas d\u2019autisme. Le minist\u00e8re de la solidarit\u00e9, du [&hellip;]<\/p>\n","protected":false},"author":1759,"featured_media":0,"comment_status":"closed","ping_status":"closed","sticky":false,"template":"","format":"standard","meta":{"fifu_image_url":"https:\/\/aujourdhui.ma\/wp-content\/uploads\/2022\/03\/Maroc-enfants-e\u0301tablissements-de-protection-sociale-300x153.jpg","fifu_image_alt":"Cartographie des enfants plac\u00e9s dans les \u00e9tablissements de protection sociale au Maroc","footnotes":""},"categories":[73,54],"tags":[],"class_list":["post-142266","post","type-post","status-publish","format-standard","hentry","category-actualite","category-maroc"],"_links":{"self":[{"href":"https:\/\/linitiative.ca\/International\/wp-json\/wp\/v2\/posts\/142266","targetHints":{"allow":["GET"]}}],"collection":[{"href":"https:\/\/linitiative.ca\/International\/wp-json\/wp\/v2\/posts"}],"about":[{"href":"https:\/\/linitiative.ca\/International\/wp-json\/wp\/v2\/types\/post"}],"author":[{"embeddable":true,"href":"https:\/\/linitiative.ca\/International\/wp-json\/wp\/v2\/users\/1759"}],"replies":[{"embeddable":true,"href":"https:\/\/linitiative.ca\/International\/wp-json\/wp\/v2\/comments?post=142266"}],"version-history":[{"count":0,"href":"https:\/\/linitiative.ca\/International\/wp-json\/wp\/v2\/posts\/142266\/revisions"}],"wp:attachment":[{"href":"https:\/\/linitiative.ca\/International\/wp-json\/wp\/v2\/media?parent=142266"}],"wp:term":[{"taxonomy":"category","embeddable":true,"href":"https:\/\/linitiative.ca\/International\/wp-json\/wp\/v2\/categories?post=142266"},{"taxonomy":"post_tag","embeddable":true,"href":"https:\/\/linitiative.ca\/International\/wp-json\/wp\/v2\/tags?post=142266"}],"curies":[{"name":"wp","href":"https:\/\/api.w.org\/{rel}","templated":true}]}}