{"id":142275,"date":"2022-03-04T10:58:11","date_gmt":"2022-03-04T15:58:11","guid":{"rendered":"https:\/\/linitiative.ca\/International\/rni-aziz-akhannouch-seul-candidat-a-la-presidence\/"},"modified":"2022-03-04T10:58:11","modified_gmt":"2022-03-04T15:58:11","slug":"rni-aziz-akhannouch-seul-candidat-a-la-presidence","status":"publish","type":"post","link":"https:\/\/linitiative.ca\/International\/rni-aziz-akhannouch-seul-candidat-a-la-presidence\/","title":{"rendered":"RNI: Aziz Akhannouch seul candidat \u00e0 la pr\u00e9sidence"},"content":{"rendered":"<div>\n<p><img loading=\"lazy\" decoding=\"async\" width=\"300\" height=\"153\" src=\"https:\/\/linitiative.ca\/International\/wp-content\/uploads\/sites\/23\/2022\/03\/Akhannouch-RNI-Marrakech-3-300x153-1.jpg\" class=\"attachment-medium size-medium wp-post-image\" alt=\"\" srcset=\"https:\/\/linitiative.ca\/International\/wp-content\/uploads\/sites\/23\/2022\/03\/Akhannouch-RNI-Marrakech-3-300x153-1.jpg 300w, https:\/\/aujourdhui.ma\/wp-content\/uploads\/2021\/06\/Akhannouch-RNI-Marrakech-3-274x140.jpg 274w, https:\/\/aujourdhui.ma\/wp-content\/uploads\/2021\/06\/Akhannouch-RNI-Marrakech-3.jpg 746w, https:\/\/aujourdhui.ma\/wp-content\/uploads\/2021\/06\/Akhannouch-RNI-Marrakech-3-165x84.jpg 165w, https:\/\/aujourdhui.ma\/wp-content\/uploads\/2021\/06\/Akhannouch-RNI-Marrakech-3-702x358.jpg 702w\" sizes=\"auto, (max-width: 300px) 100vw, 300px\"><\/p>\n<p><span style=\"font-size: 20px; color: #800000;\"><strong>L\u2019administration centrale du RNI n\u2019a re\u00e7u qu\u2019une seule candidature pour la pr\u00e9sidence.<\/strong> <\/span><span id=\"more-401528\"><\/span><\/p>\n<p>Il s\u2019agit, tel que le pr\u00e9cise le bureau politique du parti de la colombe qui s\u2019est rassembl\u00e9 jeudi en visioconf\u00e9rence, de celle du chef de gouvernement, Aziz Akhannouch. Le bureau politique, qui pr\u00e9parait jeudi son 7\u00e8me congr\u00e8s national qui se tient sur deux jours jusqu\u2019au 5 mars, a \u00e9galement d\u00e9sign\u00e9 Rachid Talbi Alami pour \u00ab pr\u00e9sider l\u2019audience consacr\u00e9e \u00e0 l\u2019\u00e9lection du pr\u00e9sident du parti conform\u00e9ment \u00e0 l\u2019article 33 du statut fondamental du parti\u00bb.<\/p>\n<p>flPar l\u2019occasion, le bureau politique, qui a d\u00e9j\u00e0 tenu 82 congr\u00e8s provinciaux, a d\u00e9battu du projet de budget 2022 qui, tel qu\u2019il le pr\u00e9cise, \u00ab refl\u00e8te le mode de bonne gestion \u00bb. Apr\u00e8s quoi, les membres de ce bureau ont \u00ab d\u00e9lib\u00e9r\u00e9 autour des listes des membres des comit\u00e9s r\u00e9gionaux et nationaux en charge de discipline et d\u2019arbitrage \u00bb. Ils ont \u00e9galement d\u00e9lib\u00e9r\u00e9 sur les membres des comit\u00e9s de candidatures, de Marocains du monde, du contr\u00f4le des finances du parti, de la parit\u00e9 et l\u2019\u00e9quit\u00e9 en vue de les \u00ab soumettre au vote lors de la premi\u00e8re session du conseil national \u00bb.<\/p>\n<\/div>\n<p>Auteur: ALM<br \/>\n<a href=\"https:\/\/aujourdhui.ma\/politique\/rni-aziz-akhannouch-seul-candidat-a-la-presidence\">Cliquez ici pour lire l&rsquo;article depuis sa source.<\/a><\/p>\n","protected":false},"excerpt":{"rendered":"<p>L\u2019administration centrale du RNI n\u2019a re\u00e7u qu\u2019une seule candidature pour la pr\u00e9sidence. Il s\u2019agit, tel que le pr\u00e9cise le bureau politique du parti de la colombe qui s\u2019est rassembl\u00e9 jeudi en visioconf\u00e9rence, de celle du chef de gouvernement, Aziz Akhannouch. Le bureau politique, qui pr\u00e9parait jeudi son 7\u00e8me congr\u00e8s national qui se tient sur deux [&hellip;]<\/p>\n","protected":false},"author":1759,"featured_media":0,"comment_status":"closed","ping_status":"closed","sticky":false,"template":"","format":"standard","meta":{"fifu_image_url":"https:\/\/aujourdhui.ma\/wp-content\/uploads\/2021\/06\/Akhannouch-RNI-Marrakech-3-300x153.jpg","fifu_image_alt":"RNI: Aziz Akhannouch seul candidat \u00e0 la pr\u00e9sidence","footnotes":""},"categories":[73,54],"tags":[],"class_list":["post-142275","post","type-post","status-publish","format-standard","hentry","category-actualite","category-maroc"],"_links":{"self":[{"href":"https:\/\/linitiative.ca\/International\/wp-json\/wp\/v2\/posts\/142275","targetHints":{"allow":["GET"]}}],"collection":[{"href":"https:\/\/linitiative.ca\/International\/wp-json\/wp\/v2\/posts"}],"about":[{"href":"https:\/\/linitiative.ca\/International\/wp-json\/wp\/v2\/types\/post"}],"author":[{"embeddable":true,"href":"https:\/\/linitiative.ca\/International\/wp-json\/wp\/v2\/users\/1759"}],"replies":[{"embeddable":true,"href":"https:\/\/linitiative.ca\/International\/wp-json\/wp\/v2\/comments?post=142275"}],"version-history":[{"count":0,"href":"https:\/\/linitiative.ca\/International\/wp-json\/wp\/v2\/posts\/142275\/revisions"}],"wp:attachment":[{"href":"https:\/\/linitiative.ca\/International\/wp-json\/wp\/v2\/media?parent=142275"}],"wp:term":[{"taxonomy":"category","embeddable":true,"href":"https:\/\/linitiative.ca\/International\/wp-json\/wp\/v2\/categories?post=142275"},{"taxonomy":"post_tag","embeddable":true,"href":"https:\/\/linitiative.ca\/International\/wp-json\/wp\/v2\/tags?post=142275"}],"curies":[{"name":"wp","href":"https:\/\/api.w.org\/{rel}","templated":true}]}}