{"id":142277,"date":"2022-03-03T13:00:00","date_gmt":"2022-03-03T18:00:00","guid":{"rendered":"https:\/\/linitiative.ca\/International\/vote-a-lag-de-lonu-la-non-participation-du-maroc-ne-saurait-faire-lobjet-daucune-interpretation\/"},"modified":"2022-03-03T13:00:00","modified_gmt":"2022-03-03T18:00:00","slug":"vote-a-lag-de-lonu-la-non-participation-du-maroc-ne-saurait-faire-lobjet-daucune-interpretation","status":"publish","type":"post","link":"https:\/\/linitiative.ca\/International\/vote-a-lag-de-lonu-la-non-participation-du-maroc-ne-saurait-faire-lobjet-daucune-interpretation\/","title":{"rendered":"Vote \u00e0 l\u2019AG de l\u2019ONU : La non-participation du Maroc ne saurait faire l\u2019objet d\u2019aucune interpr\u00e9tation"},"content":{"rendered":"<div>\n<p class=\"has-text-align-center has-vivid-cyan-blue-color has-text-color\"><strong>Par rapport \u00e0 sa position de principe concernant la situation entre la Russie et l\u2019Ukraine<\/strong><\/p>\n<p class=\"has-text-align-left has-black-color has-text-color\"><strong>L\u2019Assembl\u00e9e G\u00e9n\u00e9rale des Nations Unies a adopt\u00e9, ce jour, une r\u00e9solution sur la situation entre l\u2019Ukraine et la F\u00e9d\u00e9ration de Russie. Le Royaume du Maroc a d\u00e9cid\u00e9 de ne pas participer au vote de cette r\u00e9solution, indique un communiqu\u00e9 du Minist\u00e8re des Affaires Etrang\u00e8res, de la Coop\u00e9ration Africaine et des Marocains R\u00e9sidant \u00e0 l\u2019Etranger.<\/strong><\/p>\n<p class=\"has-text-align-left has-black-color has-text-color\">La non-participation du Maroc ne saurait faire l\u2019objet d\u2019aucune interpr\u00e9tation par rapport \u00e0 sa position de principe concernant la situation entre la F\u00e9d\u00e9ration de Russie et l\u2019Ukraine, telle que r\u00e9affirm\u00e9e dans le Communiqu\u00e9 du Minist\u00e8re des Affaires Etrang\u00e8res, de la Coop\u00e9ration Africaine et des Marocains R\u00e9sidant \u00e0 l\u2019Etranger, en date du 26 f\u00e9vrier 2022.<\/p>\n<p class=\"has-text-align-left has-black-color has-text-color\">En effet, le Royaume du Maroc continue de suivre avec inqui\u00e9tude et pr\u00e9occupation l\u2019\u00e9volution de la situation entre l\u2019Ukraine et la F\u00e9d\u00e9ration de Russie. Il regrette l\u2019escalade militaire qui a fait, malheureusement, \u00e0 ce jour, des centaines de morts et des milliers de bless\u00e9s et qui a caus\u00e9 des souffrances humaines des deux c\u00f4t\u00e9s, d\u2019autant que cette situation impacte l\u2019ensemble des populations et des \u00c9tats de la r\u00e9gion et au-del\u00e0, souligne le minist\u00e8re dans un communiqu\u00e9.<\/p>\n<p class=\"has-text-align-left has-black-color has-text-color\">Le Royaume du Maroc r\u00e9affirme son fort attachement au respect de l\u2019int\u00e9grit\u00e9 territoriale, de la souverainet\u00e9 et de l\u2019unit\u00e9 nationale de tous les \u00c9tats Membres des Nations Unies.<\/p>\n<p class=\"has-text-align-left has-black-color has-text-color\">Le Royaume du Maroc rappelle que, conform\u00e9ment \u00e0 la Charte des Nations Unies, les Membres de l\u2019Organisation se doivent de r\u00e9gler leurs diff\u00e9rends par des moyens pacifiques et selon les principes du droit international, afin de pr\u00e9server la paix et la s\u00e9curit\u00e9 mondiales, ajoute la m\u00eame source.<\/p>\n<p class=\"has-text-align-left has-black-color has-text-color\">Le Royaume du Maroc a toujours \u0153uvr\u00e9 pour favoriser le non recours \u00e0 la force pour le r\u00e8glement des diff\u00e9rends entre Etats. Il appelle \u00e0 la poursuite et \u00e0 l\u2019intensification du dialogue et de la n\u00e9gociation entre les parties pour mettre fin \u00e0 ce conflit et encourage toutes les initiatives et actions \u00e0 cette fin.<\/p>\n<p class=\"has-text-align-left has-black-color has-text-color\">Par ailleurs, et en r\u00e9ponse \u00e0 l\u2019appel du Secr\u00e9taire G\u00e9n\u00e9ral de l\u2019ONU, le Royaume du Maroc a d\u00e9cid\u00e9 d\u2019apporter une contribution financi\u00e8re aux efforts humanitaires des Nations Unies et des pays voisins, conclut la m\u00eame source.<\/p>\n<p>L\u2019article <a rel=\"nofollow\" href=\"http:\/\/albayane.press.ma\/vote-a-lag-de-lonu-la-non-participation-du-maroc-ne-saurait-faire-lobjet-daucune-interpretation.html\">Vote \u00e0 l\u2019AG de l\u2019ONU : La non-participation du Maroc ne saurait faire l\u2019objet d\u2019aucune interpr\u00e9tation<\/a> est apparu en premier sur <a rel=\"nofollow\" href=\"http:\/\/albayane.press.ma\/\">ALBAYANE<\/a>.<\/p>\n<\/div>\n<p>Auteur: M&rsquo;hammed rahal<br \/>\n<a href=\"http:\/\/albayane.press.ma\/vote-a-lag-de-lonu-la-non-participation-du-maroc-ne-saurait-faire-lobjet-daucune-interpretation.html\">Cliquez ici pour lire l&rsquo;article depuis sa source.<\/a><\/p>\n","protected":false},"excerpt":{"rendered":"<p>Par rapport \u00e0 sa position de principe concernant la situation entre la Russie et l\u2019Ukraine L\u2019Assembl\u00e9e G\u00e9n\u00e9rale des Nations Unies a adopt\u00e9, ce jour, une r\u00e9solution sur la situation entre l\u2019Ukraine et la F\u00e9d\u00e9ration de Russie. Le Royaume du Maroc a d\u00e9cid\u00e9 de ne pas participer au vote de cette r\u00e9solution, indique un communiqu\u00e9 du [&hellip;]<\/p>\n","protected":false},"author":1760,"featured_media":0,"comment_status":"closed","ping_status":"closed","sticky":false,"template":"","format":"standard","meta":{"fifu_image_url":"","fifu_image_alt":"","footnotes":""},"categories":[73,54],"tags":[],"class_list":["post-142277","post","type-post","status-publish","format-standard","hentry","category-actualite","category-maroc"],"_links":{"self":[{"href":"https:\/\/linitiative.ca\/International\/wp-json\/wp\/v2\/posts\/142277","targetHints":{"allow":["GET"]}}],"collection":[{"href":"https:\/\/linitiative.ca\/International\/wp-json\/wp\/v2\/posts"}],"about":[{"href":"https:\/\/linitiative.ca\/International\/wp-json\/wp\/v2\/types\/post"}],"author":[{"embeddable":true,"href":"https:\/\/linitiative.ca\/International\/wp-json\/wp\/v2\/users\/1760"}],"replies":[{"embeddable":true,"href":"https:\/\/linitiative.ca\/International\/wp-json\/wp\/v2\/comments?post=142277"}],"version-history":[{"count":0,"href":"https:\/\/linitiative.ca\/International\/wp-json\/wp\/v2\/posts\/142277\/revisions"}],"wp:attachment":[{"href":"https:\/\/linitiative.ca\/International\/wp-json\/wp\/v2\/media?parent=142277"}],"wp:term":[{"taxonomy":"category","embeddable":true,"href":"https:\/\/linitiative.ca\/International\/wp-json\/wp\/v2\/categories?post=142277"},{"taxonomy":"post_tag","embeddable":true,"href":"https:\/\/linitiative.ca\/International\/wp-json\/wp\/v2\/tags?post=142277"}],"curies":[{"name":"wp","href":"https:\/\/api.w.org\/{rel}","templated":true}]}}