{"id":142278,"date":"2022-03-03T13:00:00","date_gmt":"2022-03-03T18:00:00","guid":{"rendered":"https:\/\/linitiative.ca\/International\/analyse-genre-de-lutilisation-de-la-main-doeuvre-feminine\/"},"modified":"2022-03-03T13:00:00","modified_gmt":"2022-03-03T18:00:00","slug":"analyse-genre-de-lutilisation-de-la-main-doeuvre-feminine","status":"publish","type":"post","link":"https:\/\/linitiative.ca\/International\/analyse-genre-de-lutilisation-de-la-main-doeuvre-feminine\/","title":{"rendered":"Analyse genre de l\u2019utilisation de la main d\u2019\u0153uvre f\u00e9minine"},"content":{"rendered":"<div>\n<p class=\"has-text-align-center has-vivid-cyan-blue-color has-text-color\"><strong>DEPF-ONU<\/strong><\/p>\n<p class=\"has-black-color has-text-color\"><strong>La Direction des \u00e9tudes et des pr\u00e9visions financi\u00e8res (DEPF) relevant du minist\u00e8re de l\u2019Economie et des finances, a publi\u00e9 une \u00e9tude portant sur \u00ab\u00a0l\u2019analyse genre de la contribution de l\u2019utilisation de la main d\u2019\u0153uvre \u00e0 l\u2019am\u00e9lioration du niveau de vie : Analyse r\u00e9trospective et prospective \u00e0 la lumi\u00e8re des recommandations du Nouveau Mod\u00e8le de D\u00e9veloppement\u00a0\u00bb (NMD). \u00c9labor\u00e9e en partenariat avec ONU-Femmes et avec l\u2019appui de l\u2019Agence Fran\u00e7aise de D\u00e9veloppement (AFD) et de l\u2019Union Europ\u00e9enne (UE), cette analyse vise \u00e0 appr\u00e9hender les gains potentiels, en termes d\u2019am\u00e9lioration du niveau de vie, inh\u00e9rents \u00e0 la hausse de l\u2019activit\u00e9 f\u00e9minine cibl\u00e9e par le NMD, soit un niveau situ\u00e9 \u00e0 45% \u00e0 l\u2019horizon 2035 contre 19,9% en 2020, indique un communiqu\u00e9 conjoint de la DEPF, ONU-Femmes, l\u2019AFD et l\u2019UE.<\/strong><\/p>\n<p class=\"has-black-color has-text-color\">Pour ce faire, l\u2019\u00e9tude s\u2019est appuy\u00e9e sur un cadre d\u2019analyse fond\u00e9 sur la d\u00e9composition du PIB par habitant en deux effets, \u00e0 savoir un effet productivit\u00e9 qui correspond \u00e0 l\u2019efficacit\u00e9 avec laquelle les facteurs de production sont conjointement mobilis\u00e9s dans le processus de production et un effet utilisation de la main d\u2019\u0153uvre (UMO), qui renseigne sur l\u2019intensit\u00e9 avec laquelle la main d\u2019\u0153uvre est mobilis\u00e9e dans le processus de production.\u00a0 Cette derni\u00e8re composante du PIB par habitant a fait l\u2019objet, dans le cadre de l\u2019\u00e9tude, d\u2019une analyse approfondie sous le prisme genre et selon l\u2019\u00e2ge et ce, pour en cerner ses contributions \u00e0 la cr\u00e9ation de la richesse \u00e0 l\u2019\u00e9chelle nationale au titre de la p\u00e9riode 2011-2019.\u00a0 Une attention particuli\u00e8re a \u00e9t\u00e9 attribu\u00e9e aux manifestations des effets de la crise de la Covid-19 d\u00e9clench\u00e9e en 2020, \u00e0 travers l\u2019\u00e9tude du comportement de l\u2019utilisation de la main d\u2019\u0153uvre f\u00e9minine durant cette ann\u00e9e, fait observer la m\u00eame source. En outre, et sur la base de ladite d\u00e9composition, plusieurs simulations ont \u00e9t\u00e9 effectu\u00e9es, fond\u00e9es sur 5 sc\u00e9narios, afin d\u2019approcher les gains \u00e9conomiques potentiels que pourrait induire l\u2019accroissement du taux d\u2019activit\u00e9 des femmes selon la trajectoire pr\u00e9conis\u00e9e par le NMD.\u00a0 Il en ressort que la concr\u00e9tisation des objectifs et des cibles fix\u00e9es par le NMD en mati\u00e8re de promotion de l\u2019\u00e9galit\u00e9 de genre et de l\u2019acc\u00e8s renforc\u00e9 des femmes aux opportunit\u00e9s \u00e9conomiques pourrait contribuer \u00e0 un gain en termes de croissance du PIB par habitant allant jusqu\u2019\u00e0 +5% par an en moyenne entre 2022 et 2035.\u00a0 Ce r\u00e9sultat reste tributaire de l\u2019activation de plusieurs leviers d\u2019actions recommand\u00e9s par le Rapport sur le NMD au service de la promotion de l\u2019autonomisation \u00e9conomique des femmes et du renforcement de leur capital humain, conclut le communiqu\u00e9.<\/p>\n<p>L\u2019article <a rel=\"nofollow\" href=\"http:\/\/albayane.press.ma\/analyse-genre-de-lutilisation-de-la-main-doeuvre-feminine.html\">Analyse genre de l\u2019utilisation de la main d\u2019\u0153uvre f\u00e9minine<\/a> est apparu en premier sur <a rel=\"nofollow\" href=\"http:\/\/albayane.press.ma\/\">ALBAYANE<\/a>.<\/p>\n<\/div>\n<p>Auteur: M&rsquo;hammed rahal<br \/>\n<a href=\"http:\/\/albayane.press.ma\/analyse-genre-de-lutilisation-de-la-main-doeuvre-feminine.html\">Cliquez ici pour lire l&rsquo;article depuis sa source.<\/a><\/p>\n","protected":false},"excerpt":{"rendered":"<p>DEPF-ONU La Direction des \u00e9tudes et des pr\u00e9visions financi\u00e8res (DEPF) relevant du minist\u00e8re de l\u2019Economie et des finances, a publi\u00e9 une \u00e9tude portant sur \u00ab\u00a0l\u2019analyse genre de la contribution de l\u2019utilisation de la main d\u2019\u0153uvre \u00e0 l\u2019am\u00e9lioration du niveau de vie : Analyse r\u00e9trospective et prospective \u00e0 la lumi\u00e8re des recommandations du Nouveau Mod\u00e8le de [&hellip;]<\/p>\n","protected":false},"author":1760,"featured_media":0,"comment_status":"closed","ping_status":"closed","sticky":false,"template":"","format":"standard","meta":{"fifu_image_url":"","fifu_image_alt":"","footnotes":""},"categories":[73,54],"tags":[],"class_list":["post-142278","post","type-post","status-publish","format-standard","hentry","category-actualite","category-maroc"],"_links":{"self":[{"href":"https:\/\/linitiative.ca\/International\/wp-json\/wp\/v2\/posts\/142278","targetHints":{"allow":["GET"]}}],"collection":[{"href":"https:\/\/linitiative.ca\/International\/wp-json\/wp\/v2\/posts"}],"about":[{"href":"https:\/\/linitiative.ca\/International\/wp-json\/wp\/v2\/types\/post"}],"author":[{"embeddable":true,"href":"https:\/\/linitiative.ca\/International\/wp-json\/wp\/v2\/users\/1760"}],"replies":[{"embeddable":true,"href":"https:\/\/linitiative.ca\/International\/wp-json\/wp\/v2\/comments?post=142278"}],"version-history":[{"count":0,"href":"https:\/\/linitiative.ca\/International\/wp-json\/wp\/v2\/posts\/142278\/revisions"}],"wp:attachment":[{"href":"https:\/\/linitiative.ca\/International\/wp-json\/wp\/v2\/media?parent=142278"}],"wp:term":[{"taxonomy":"category","embeddable":true,"href":"https:\/\/linitiative.ca\/International\/wp-json\/wp\/v2\/categories?post=142278"},{"taxonomy":"post_tag","embeddable":true,"href":"https:\/\/linitiative.ca\/International\/wp-json\/wp\/v2\/tags?post=142278"}],"curies":[{"name":"wp","href":"https:\/\/api.w.org\/{rel}","templated":true}]}}