{"id":142279,"date":"2022-03-03T13:00:00","date_gmt":"2022-03-03T18:00:00","guid":{"rendered":"https:\/\/linitiative.ca\/International\/un-vent-de-fraicheur-souffle-sur-les-operas-italiens\/"},"modified":"2022-03-03T13:00:00","modified_gmt":"2022-03-03T18:00:00","slug":"un-vent-de-fraicheur-souffle-sur-les-operas-italiens","status":"publish","type":"post","link":"https:\/\/linitiative.ca\/International\/un-vent-de-fraicheur-souffle-sur-les-operas-italiens\/","title":{"rendered":"Un vent de fra\u00eecheur souffle sur les op\u00e9ras italiens"},"content":{"rendered":"<div>\n<p class=\"has-text-align-center has-text-color\" style=\"color:#ff1414\"><strong>L\u2019univers magistral o\u00f9 se c\u00f4toient musique, danse, peinture et architecture<\/strong><\/p>\n<p class=\"has-text-align-right has-black-color has-text-color\"><strong>Par Hajar Erraji (Map)<\/strong><\/p>\n<p class=\"has-black-color has-text-color\"><strong>Connue pour ses traditions culinaires, qui ont travers\u00e9 les temps et les lieux, l\u2019Italie l\u2019est aussi pour son op\u00e9ra, cet univers magistral o\u00f9 se c\u00f4toient musique, danse, po\u00e9sie dramatique, peinture et architecture, o\u00f9 se d\u00e9voilent des histoires saisissantes, des mises en sc\u00e8ne soign\u00e9es, des t\u00e9nors et des sopranos \u00e0 des voix \u00e0 couper le souffle.\u00a0 Mais alors que l\u2019engouement du public ne semble plus \u00eatre aussi retentissant que dans le pass\u00e9, de nouvelles distributions, des initiatives in\u00e9dites et des strat\u00e9gies marketing attrayantes viennent apporter un vent de fra\u00eecheur, qui souffle d\u00e9sormais sur les th\u00e9\u00e2tres d\u2019op\u00e9ra transalpins depuis la relance post-covid, pour tenter de raviver la flamme de cet art populaire.<\/strong><\/p>\n<p class=\"has-black-color has-text-color\">De la Scala de Milan, c\u00e9l\u00e8bre dans le monde entier, passant par le Teatro San Carlo, \u00e0 Naples, \u00e0 l\u2019amphith\u00e9\u00e2tre bien conserv\u00e9 Arena von Verona, \u00e0 Rome, les professionnels r\u00e9inventent leurs m\u00e9thodes pour sauver le secteur, d\u00e9j\u00e0 en difficult\u00e9 depuis plusieurs ann\u00e9es.<\/p>\n<p class=\"has-black-color has-text-color\">\u00ab\u00a0L\u2019op\u00e9ra a \u00e9t\u00e9 pendant longtemps victime de clich\u00e9s, ce qui a impact\u00e9 le renouvellement du public et en particulier de la G\u00e9n\u00e9ration Z qui d\u00e9serte cruellement les maisons lyriques\u00a0\u00bb, a affirm\u00e9 \u00e0 la MAP le critique musical Orso Ferrara.<\/p>\n<p class=\"has-black-color has-text-color\">Pour les plus jeunes, cet art, tax\u00e9 d\u2019\u00eatre uniquement tourn\u00e9 vers le pass\u00e9, est \u00ab\u00a0synonyme de longues repr\u00e9sentations dramatiques ennuyeuses\u00a0\u00bb, a regrett\u00e9 M. Ferrara.<\/p>\n<p class=\"has-black-color has-text-color\">\u00ab\u00a0Les spectateurs sont nombreux \u00e0 s\u2019imaginer qu\u2019en poussant la porte de ces maisons majestueuses, ils vont retrouver la m\u00eame emphase sur sc\u00e8ne avec des d\u00e9cors et des costumes sortis tout droit du XVIIe si\u00e8cle\u00a0\u00bb, a-t-il fait observer, expliquant que les metteurs en sc\u00e8ne se sont pourtant empar\u00e9s du genre pour produire des spectacles diversifi\u00e9s d\u2019une intensit\u00e9 insoup\u00e7onn\u00e9e.<\/p>\n<p class=\"has-black-color has-text-color\">Selon ce critique romain, l\u2019op\u00e9ra est un art bien vivant et chaque ann\u00e9e de nombreux compositeurs cr\u00e9ent leurs nouvelles \u0153uvres. Leurs univers sont tr\u00e8s vari\u00e9s et les histoires qu\u2019ils racontent en musique sont aussi diff\u00e9rentes que leur style.<\/p>\n<p class=\"has-black-color has-text-color\">\u00ab\u00a0L\u2019exp\u00e9rience propos\u00e9e peut \u00eatre parfois au-del\u00e0 de ce que l\u2019on imagine. Dans la musique et gr\u00e2ce \u00e0 la technique moderne, tout est possible\u00a0\u00bb, a-t-estim\u00e9.<\/p>\n<p class=\"has-black-color has-text-color\">\u00ab\u00a0Tout le monde ne peut pas aller \u00e0 l\u2019op\u00e9ra\u00a0\u00bb, la d\u00e9claration ne date pas d\u2019hier, tant\u00f4t brandie pour d\u00e9noncer cet art jug\u00e9 \u00e9litiste.<\/p>\n<p class=\"has-black-color has-text-color\">Comme en litt\u00e9rature, les classiques c\u00f4toient les modernes avec un r\u00e9pertoire tr\u00e8s vaste. En revanche, le spectateur n\u2019a pas besoin de conna\u00eetre le solf\u00e8ge ni d\u2019\u00eatre un intellectuel pour l\u2019appr\u00e9cier, la musique est un art imm\u00e9diatement abordable.<\/p>\n<p class=\"has-black-color has-text-color\">Autre facteur discriminant, c\u2019est le prix, \u00ab\u00a0facile tout de m\u00eame \u00e0 relativiser par rapport \u00e0 cette centaine de musiciens et d\u2019artistes sur sc\u00e8ne, ces techniciens en coulisse, ces d\u00e9cors, ces costumes et \u00e0 tous ces personnels qui \u0153uvrent \u00e0 la magie du spectacle\u00a0\u00bb, a fait remarquer ce fervent d\u00e9fenseur de l\u2019art lyrique.<\/p>\n<p class=\"has-black-color has-text-color\">Le prix d\u00e9pend \u00e9galement des emplacements r\u00e9serv\u00e9s. Les places situ\u00e9es en haut seront moins co\u00fbteuses que celles qui seront dans l\u2019orchestre, juste devant la sc\u00e8ne, a-t-il pr\u00e9cis\u00e9.<\/p>\n<p class=\"has-black-color has-text-color\">Ces id\u00e9es re\u00e7ues \u00ab\u00a0ont frapp\u00e9 de plein fouet les op\u00e9ras\u00a0\u00bb, sans compter la crise sanitaire qui a contraint les th\u00e9\u00e2tres \u00e0 fermer leurs portes durant de longs mois entre 2020 et 2021.<\/p>\n<p class=\"has-black-color has-text-color\">\u00ab\u00a0Les changements d\u2019habitudes et de consommation, y compris de la culture, n\u2019ont pas fini de provoquer des bouleversements dans la mani\u00e8re dont nos th\u00e9\u00e2tres fonctionnent et b\u00e2tissent leur budget et leur saison, d\u2019o\u00f9 la n\u00e9cessit\u00e9 de lutter, de se r\u00e9inventer et d\u2019innover\u00a0\u00bb, a signal\u00e9 M. Ferrara.<\/p>\n<p class=\"has-black-color has-text-color\">Conscients, l\u2019Etat, les th\u00e9\u00e2tres et les ma\u00eetres de l\u2019op\u00e9ra n\u2019h\u00e9sitent pas \u00e0 mobiliser tous les moyens possibles pour faire rena\u00eetre cet art traditionnel et symbole d\u2019une Italie glorieuse.<\/p>\n<p class=\"has-black-color has-text-color\">En 2021, le minist\u00e8re de la Culture a allou\u00e9 348 millions d\u2019euros au secteur du spectacle, dont la musique et la danse. Parmi ceux-ci, plus de 30 millions de subventions publiques vont \u00e0 La Scala de Milan, \u00ab\u00a0temple de l\u2019op\u00e9ra italien\u00a0\u00bb.<\/p>\n<p class=\"has-black-color has-text-color\">De leurs c\u00f4t\u00e9s, les maisons lyriques ont revisit\u00e9 les grands r\u00e9pertoires classiques avec des codes modernes pour \u00e9viter ces spectacles jug\u00e9s \u00ab\u00a0assommants\u00a0\u00bb, diversifiant \u00e9galement leurs offres, qui vont d\u00e9sormais de la danse moderne, passant par les op\u00e9ras comiques, aux spectacles pour les enfants.<\/p>\n<p class=\"has-black-color has-text-color\">Pour stimuler l\u2019int\u00e9r\u00eat des plus jeunes, les th\u00e9\u00e2tres d\u2019op\u00e9ras sont de plus en plus pr\u00e9sents sur la toile \u00e0 travers des sites internet attrayants et des pages dynamiques sur les r\u00e9seaux sociaux. Ce n\u2019est pas tout ! Ils proposent, en outre, des tarifs all\u00e9chants pour les moins de 30 ans.<\/p>\n<p class=\"has-black-color has-text-color\">Certains professionnels de l\u2019op\u00e9ra sont all\u00e9s au bout de la cr\u00e9ativit\u00e9. C\u2019est le cas de l\u2019association de m\u00e9lomanes \u00ab\u00a0Musica a Palazzo\u00a0\u00bb \u00e0 Venise, qui a eu l\u2019id\u00e9e de repr\u00e9senter des op\u00e9ras dans les lieux historiques prestigieux o\u00f9 l\u2019action des \u0153uvres aurait pu se d\u00e9rouler.<\/p>\n<p class=\"has-black-color has-text-color\">L\u2019op\u00e9ra se r\u00e9invente pour attirer la jeunesse mais la probl\u00e9matique la d\u00e9passe. Noy\u00e9e dans les \u00e9crans, la nouvelle g\u00e9n\u00e9ration savoure de moins en moins l\u2019art et la culture, abandonnant ainsi les th\u00e9\u00e2tres, les librairies et les galeries. L\u2019enjeu est \u00e9norme. Les sp\u00e9cialistes estiment que parents, \u00e9coles, m\u00e9dias et autres acteurs doivent se mobiliser pour sensibiliser les g\u00e9n\u00e9rations montantes \u00e0 la beaut\u00e9 et \u00e0 l\u2019importance de l\u2019art dans toutes ses formes.<\/p>\n<p>L\u2019article <a rel=\"nofollow\" href=\"http:\/\/albayane.press.ma\/un-vent-de-fraicheur-souffle-sur-les-operas-italiens.html\">Un vent de fra\u00eecheur souffle sur les op\u00e9ras italiens<\/a> est apparu en premier sur <a rel=\"nofollow\" href=\"http:\/\/albayane.press.ma\/\">ALBAYANE<\/a>.<\/p>\n<\/div>\n<p>Auteur: M&rsquo;hammed rahal<br \/>\n<a href=\"http:\/\/albayane.press.ma\/un-vent-de-fraicheur-souffle-sur-les-operas-italiens.html\">Cliquez ici pour lire l&rsquo;article depuis sa source.<\/a><\/p>\n","protected":false},"excerpt":{"rendered":"<p>L\u2019univers magistral o\u00f9 se c\u00f4toient musique, danse, peinture et architecture Par Hajar Erraji (Map) Connue pour ses traditions culinaires, qui ont travers\u00e9 les temps et les lieux, l\u2019Italie l\u2019est aussi pour son op\u00e9ra, cet univers magistral o\u00f9 se c\u00f4toient musique, danse, po\u00e9sie dramatique, peinture et architecture, o\u00f9 se d\u00e9voilent des histoires saisissantes, des mises en [&hellip;]<\/p>\n","protected":false},"author":1760,"featured_media":0,"comment_status":"closed","ping_status":"closed","sticky":false,"template":"","format":"standard","meta":{"fifu_image_url":"","fifu_image_alt":"","footnotes":""},"categories":[73,54],"tags":[],"class_list":["post-142279","post","type-post","status-publish","format-standard","hentry","category-actualite","category-maroc"],"_links":{"self":[{"href":"https:\/\/linitiative.ca\/International\/wp-json\/wp\/v2\/posts\/142279","targetHints":{"allow":["GET"]}}],"collection":[{"href":"https:\/\/linitiative.ca\/International\/wp-json\/wp\/v2\/posts"}],"about":[{"href":"https:\/\/linitiative.ca\/International\/wp-json\/wp\/v2\/types\/post"}],"author":[{"embeddable":true,"href":"https:\/\/linitiative.ca\/International\/wp-json\/wp\/v2\/users\/1760"}],"replies":[{"embeddable":true,"href":"https:\/\/linitiative.ca\/International\/wp-json\/wp\/v2\/comments?post=142279"}],"version-history":[{"count":0,"href":"https:\/\/linitiative.ca\/International\/wp-json\/wp\/v2\/posts\/142279\/revisions"}],"wp:attachment":[{"href":"https:\/\/linitiative.ca\/International\/wp-json\/wp\/v2\/media?parent=142279"}],"wp:term":[{"taxonomy":"category","embeddable":true,"href":"https:\/\/linitiative.ca\/International\/wp-json\/wp\/v2\/categories?post=142279"},{"taxonomy":"post_tag","embeddable":true,"href":"https:\/\/linitiative.ca\/International\/wp-json\/wp\/v2\/tags?post=142279"}],"curies":[{"name":"wp","href":"https:\/\/api.w.org\/{rel}","templated":true}]}}