{"id":142280,"date":"2022-03-03T13:01:00","date_gmt":"2022-03-03T18:01:00","guid":{"rendered":"https:\/\/linitiative.ca\/International\/exposition-de-photos-historiques-inedites-des-rois-alaouites\/"},"modified":"2022-03-03T13:01:00","modified_gmt":"2022-03-03T18:01:00","slug":"exposition-de-photos-historiques-inedites-des-rois-alaouites","status":"publish","type":"post","link":"https:\/\/linitiative.ca\/International\/exposition-de-photos-historiques-inedites-des-rois-alaouites\/","title":{"rendered":"Exposition de photos historiques in\u00e9dites des Rois Alaouites"},"content":{"rendered":"<div>\n<p class=\"has-text-align-center has-vivid-cyan-blue-color has-text-color\"><strong>L\u2019histoire glorieuse du Maroc \u00e0 travers des \u0153uvres<\/strong><\/p>\n<p class=\"has-text-align-left has-black-color has-text-color\"><strong><em>Une exposition de photos in\u00e9dites retra\u00e7ant de belles \u00e9pop\u00e9es de l\u2019histoire du Royaume ainsi que les multiples sacrifices consentis par les Rois Alaouites en faveur de la d\u00e9fense de l\u2019int\u00e9grit\u00e9 territoriale du Maroc et de son ind\u00e9pendance, son \u00e9dification et sa modernisation, a \u00e9t\u00e9 organis\u00e9e les 1er et 2 mars courant \u00e0 Marrakech.<\/em><\/strong><\/p>\n<p class=\"has-text-align-left has-black-color has-text-color\">Cette exposition, qui donne \u00e0 voir et \u00e0 appr\u00e9cier une trentaine de photos historiques in\u00e9dites de Feu Sa Majest\u00e9 Mohammed V, de Feu Sa Majest\u00e9 Hassan II, ainsi que des photos de Sa Majest\u00e9 le Roi Mohammed VI, a \u00e9t\u00e9 organis\u00e9e conjointement par la Direction R\u00e9gionale de la Culture Marrakech-Safi, et la D\u00e9l\u00e9gation r\u00e9gionale Marrakech-Safi du Haut Commissariat aux Anciens R\u00e9sistants et Anciens Membres de l\u2019Arm\u00e9e de Lib\u00e9ration.<\/p>\n<p class=\"has-text-align-left has-black-color has-text-color\">A travers cette exposition, les visiteurs ont eu droit \u00e0 un v\u00e9ritable p\u00e9riple dans l\u2019histoire glorieuse et rayonnante du Maroc, occasion \u00e9galement de mettre en lumi\u00e8re cette symbiose et cet attachement ind\u00e9fectible qui, de tout temps, ont exist\u00e9 entre le Glorieux Tr\u00f4ne Alaouite et les citoyens.<\/p>\n<p class=\"has-text-align-left has-black-color has-text-color\">Initi\u00e9e dans le cadre de la c\u00e9l\u00e9bration du 64\u00e8 anniversaire de la visite historique de l\u2019unit\u00e9 de Feu SM Mohammed V \u00e0 Mhamid El Ghizlane, du 64\u00e8 anniversaire de la bataille historique de Dcheira, et du 46\u00e8 anniversaire du d\u00e9part du dernier soldat \u00e9tranger des provinces du Sud du Royaume, cette exposition est l\u2019illustration des sentiments de loyaut\u00e9 \u00e0 la m\u00e9moire des martyrs de la Nation, et d\u2019un devoir de m\u00e9moire de faits historiques marquant la lutte de la Glorieuse Famille Royale, en g\u00e9n\u00e9ral, et de Feu Sa Majest\u00e9 Mohammed V, en particulier, en faveur de l\u2019ind\u00e9pendance et de l\u2019unit\u00e9 du Royaume.<\/p>\n<p class=\"has-text-align-left has-black-color has-text-color\">L\u2019exposition a permis aussi de se rem\u00e9morer avec tant de fiert\u00e9 de belles \u00e9tapes de l\u2019histoire glorieuse du Royaume, tout en contribuant \u00e0 la valorisation et \u00e0 la pr\u00e9sentation de la m\u00e9moire historique du Maroc.<\/p>\n<p class=\"has-text-align-left has-black-color has-text-color\">Parall\u00e8lement, le Centre Culturel de Daoudiate a abrit\u00e9 aussi une exposition de livres et ouvrages de grande valeur \u00e0 la fois historique et acad\u00e9mique sur l\u2019histoire de la r\u00e9sistance et de la lutte arm\u00e9e au Maroc, l\u2019ind\u00e9pendance du Royaume et l\u2019ancrage africain du Maroc, entre autres.<\/p>\n<p class=\"has-text-align-left has-black-color has-text-color\">L\u2019objectif de cette exposition initi\u00e9e en partenariat avec la biblioth\u00e8que Ben Youssef, est de mettre \u00e0 la disposition des jeunes g\u00e9n\u00e9rations, une documentation si riche et vari\u00e9e sur la lutte pour la libert\u00e9, l\u2019ind\u00e9pendance et l\u2019\u00e9dification du Maroc moderne et prosp\u00e8re pour tirer les profonds enseignements de cette \u00e9pop\u00e9e, se rappeler les principes et fondamentaux du Royaume et diffuser aupr\u00e8s des g\u00e9n\u00e9rations montantes les valeurs d\u2019attachement, de fid\u00e9lit\u00e9 et de loyalisme au Glorieux Tr\u00f4ne Alaouite pour la d\u00e9fense de l\u2019int\u00e9grit\u00e9 territoriale et la souverainet\u00e9 nationale.<\/p>\n<p class=\"has-text-align-left has-black-color has-text-color\">Dans une d\u00e9claration \u00e0 M24, la chaine t\u00e9l\u00e9vis\u00e9e de l\u2019information en continu de la MAP, M. Samir El Ouanassi, cadre \u00e0 la Direction R\u00e9gionale de la Culture Marrakech-Safi, a fait savoir qu\u2019\u00e0 travers ces deux expositions, l\u2019objectif est de mettre en relief une belle \u00e9pop\u00e9e de l\u2019histoire rayonnante du Royaume et surtout la revivification de la m\u00e9moire historique chez les g\u00e9n\u00e9rations montantes.<\/p>\n<p class=\"has-text-align-left has-black-color has-text-color\">\u00ab\u00a0Notre ambition via ce genre d\u2019\u00e9v\u00e9nements est aussi de consacrer les principes de l\u2019identit\u00e9 nationale et de la citoyennet\u00e9 chez les jeunes g\u00e9n\u00e9rations\u00a0\u00bb, a-t-il conclu.<\/p>\n<p class=\"has-text-align-left has-black-color has-text-color\">Dans une d\u00e9claration similaire, Sidi Hida Mohamed Azzedine, directeur du Centre culturel de Daoudiate, a indiqu\u00e9 que cet \u00e9v\u00e9nement culturel vise \u00e0 revivifier la m\u00e9moire et \u00e0 jeter des passerelles entre ces nationalistes ayant consenti de grands sacrifices au service de l\u2019ind\u00e9pendance du Royaume sous le r\u00e8gne de Feu Sa Majest\u00e9 Mohammed V, et les g\u00e9n\u00e9rations montantes.<\/p>\n<p class=\"has-text-align-left has-black-color has-text-color\">\u00ab\u00a0La patrie sans m\u00e9moire n\u2019a aucune valeur\u00a0\u00bb, a-t-il poursuivi, notant qu\u2019\u00e0 travers ces expositions, il s\u2019agit de jeter la lumi\u00e8re sur ces \u00e9v\u00e9nements historiques de l\u2019arm\u00e9e de lib\u00e9ration notamment, dans les provinces du sud du Royaume si ch\u00e8res \u00e0 tous les Marocains.<\/p>\n<p class=\"has-text-align-left has-black-color has-text-color\">Dans ce sens, il n\u2019a pas manqu\u00e9 d\u2019appeler l\u2019ensemble des jeunes \u00e0 s\u2019int\u00e9resser davantage \u00e0 ce genre d\u2019exposition afin de c\u00e9l\u00e9brer, comme il se doit, ces \u00e9v\u00e9nements historiques phares et d\u2019enrichir davantage la m\u00e9moire collective.<\/p>\n<p>L\u2019article <a rel=\"nofollow\" href=\"http:\/\/albayane.press.ma\/exposition-de-photos-historiques-inedites-des-rois-alaouites.html\">Exposition de photos historiques in\u00e9dites des Rois Alaouites<\/a> est apparu en premier sur <a rel=\"nofollow\" href=\"http:\/\/albayane.press.ma\/\">ALBAYANE<\/a>.<\/p>\n<\/div>\n<p>Auteur: M&rsquo;hammed rahal<br \/>\n<a href=\"http:\/\/albayane.press.ma\/exposition-de-photos-historiques-inedites-des-rois-alaouites.html\">Cliquez ici pour lire l&rsquo;article depuis sa source.<\/a><\/p>\n","protected":false},"excerpt":{"rendered":"<p>L\u2019histoire glorieuse du Maroc \u00e0 travers des \u0153uvres Une exposition de photos in\u00e9dites retra\u00e7ant de belles \u00e9pop\u00e9es de l\u2019histoire du Royaume ainsi que les multiples sacrifices consentis par les Rois Alaouites en faveur de la d\u00e9fense de l\u2019int\u00e9grit\u00e9 territoriale du Maroc et de son ind\u00e9pendance, son \u00e9dification et sa modernisation, a \u00e9t\u00e9 organis\u00e9e les 1er [&hellip;]<\/p>\n","protected":false},"author":1760,"featured_media":0,"comment_status":"closed","ping_status":"closed","sticky":false,"template":"","format":"standard","meta":{"fifu_image_url":"","fifu_image_alt":"","footnotes":""},"categories":[73,54],"tags":[],"class_list":["post-142280","post","type-post","status-publish","format-standard","hentry","category-actualite","category-maroc"],"_links":{"self":[{"href":"https:\/\/linitiative.ca\/International\/wp-json\/wp\/v2\/posts\/142280","targetHints":{"allow":["GET"]}}],"collection":[{"href":"https:\/\/linitiative.ca\/International\/wp-json\/wp\/v2\/posts"}],"about":[{"href":"https:\/\/linitiative.ca\/International\/wp-json\/wp\/v2\/types\/post"}],"author":[{"embeddable":true,"href":"https:\/\/linitiative.ca\/International\/wp-json\/wp\/v2\/users\/1760"}],"replies":[{"embeddable":true,"href":"https:\/\/linitiative.ca\/International\/wp-json\/wp\/v2\/comments?post=142280"}],"version-history":[{"count":0,"href":"https:\/\/linitiative.ca\/International\/wp-json\/wp\/v2\/posts\/142280\/revisions"}],"wp:attachment":[{"href":"https:\/\/linitiative.ca\/International\/wp-json\/wp\/v2\/media?parent=142280"}],"wp:term":[{"taxonomy":"category","embeddable":true,"href":"https:\/\/linitiative.ca\/International\/wp-json\/wp\/v2\/categories?post=142280"},{"taxonomy":"post_tag","embeddable":true,"href":"https:\/\/linitiative.ca\/International\/wp-json\/wp\/v2\/tags?post=142280"}],"curies":[{"name":"wp","href":"https:\/\/api.w.org\/{rel}","templated":true}]}}