{"id":142283,"date":"2022-03-04T04:52:53","date_gmt":"2022-03-04T09:52:53","guid":{"rendered":"https:\/\/linitiative.ca\/International\/indh-lancement-du-programme-de-soutien-scolaire\/"},"modified":"2022-03-04T04:52:53","modified_gmt":"2022-03-04T09:52:53","slug":"indh-lancement-du-programme-de-soutien-scolaire","status":"publish","type":"post","link":"https:\/\/linitiative.ca\/International\/indh-lancement-du-programme-de-soutien-scolaire\/","title":{"rendered":"INDH : Lancement du Programme de soutien scolaire"},"content":{"rendered":"<div>\n<div style=\"margin-bottom:20px;\"><img loading=\"lazy\" decoding=\"async\" width=\"750\" height=\"430\" src=\"https:\/\/linitiative.ca\/International\/wp-content\/uploads\/sites\/23\/2022\/03\/Logo_INDH-tifinagh-1.jpg\" class=\"attachment-post-thumbnail size-post-thumbnail wp-post-image\" alt=\"\" srcset=\"https:\/\/linitiative.ca\/International\/wp-content\/uploads\/sites\/23\/2022\/03\/Logo_INDH-tifinagh-1.jpg 750w, https:\/\/www.mapmarrakech.ma\/map\/uploads\/2022\/01\/Logo_INDH-tifinagh-1-300x172.jpg 300w\" sizes=\"auto, (max-width: 750px) 100vw, 750px\"><\/div>\n<p>Lanc\u00e9 au niveau de l\u2019\u00e9cole primaire Mohamed Belkhadir dans la commune de Tlet Bouguedra, en pr\u00e9sence du gouverneur de la province de Safi, Lahoucine Chaynane, du directeur provincial du minist\u00e8re de l\u2019\u00e9ducation nationale, du pr\u00e9sident de la commune de Bouguedra et des acteurs associatifs, ce programme sera r\u00e9alis\u00e9 en partenariat avec la Direction provinciale du minist\u00e8re de l\u2019\u00e9ducation nationale \u00e0 Safi, et la Fondation Aman pour le d\u00e9veloppement durable.<\/p>\n<p>A cette occasion, M. Chaynane et la d\u00e9l\u00e9gation l\u2019accompagnant, a suivi des explications sur le bilan du programme de soutien scolaire au niveau de cette partie du territoire national.<\/p>\n<p>Par la suite, le gouverneur a effectu\u00e9 une tourn\u00e9e \u00e0 travers les Salles de classe devant abriter les cours de soutien scolaire et s\u2019est enquis du d\u00e9roulement d\u2019une campagne m\u00e9dicale organis\u00e9e \u00e0 cette occasion.<\/p>\n<p>Le programme de soutien scolaire s\u2019inscrit dans le cadre de l\u2019axe 4 \u00ab\u00a0Impulsion du capital humain des g\u00e9n\u00e9rations montantes\u00a0\u00bb de la Phase III de l\u2019INDH ainsi que dans le cadre de la mise en \u0153uvre du d\u00e9cret du gouvernement relatif aux cours de soutien scolaire.<\/p>\n<p>Il vise \u00e0 encourager la r\u00e9ussite scolaire, le traitement des causes principales de l\u2019abandon scolaire dans les milieux d\u00e9favoris\u00e9s notamment dans le monde rural et p\u00e9riurbain et l\u2019am\u00e9lioration des indicateurs de scolarit\u00e9.<\/p>\n<p>Au niveau de la province de Safi, quelque 3.636 \u00e9l\u00e8ves issus de 25 communes rurales, b\u00e9n\u00e9ficieront de cours gratuits dans les mati\u00e8res des math\u00e9matiques et de la langue fran\u00e7aise, en plus d\u2019activit\u00e9s parall\u00e8les et un suivi psychologique et sanitaire.<\/p>\n<p>The post <a rel=\"nofollow\" href=\"https:\/\/www.mapmarrakech.ma\/fr\/indh-lancement-du-programme-de-soutien-scolaire\/\">INDH : Lancement du Programme de soutien scolaire<\/a> appeared first on <a rel=\"nofollow\" href=\"https:\/\/www.mapmarrakech.ma\/fr\">MapMarrakech<\/a>.<\/p>\n<\/div>\n<p>Auteur: Meriem IGASS<br \/>\n<a href=\"https:\/\/www.mapmarrakech.ma\/fr\/indh-lancement-du-programme-de-soutien-scolaire\/\">Cliquez ici pour lire l&rsquo;article depuis sa source.<\/a><\/p>\n","protected":false},"excerpt":{"rendered":"<p>Lanc\u00e9 au niveau de l\u2019\u00e9cole primaire Mohamed Belkhadir dans la commune de Tlet Bouguedra, en pr\u00e9sence du gouverneur de la province de Safi, Lahoucine Chaynane, du directeur provincial du minist\u00e8re de l\u2019\u00e9ducation nationale, du pr\u00e9sident de la commune de Bouguedra et des acteurs associatifs, ce programme sera r\u00e9alis\u00e9 en partenariat avec la Direction provinciale du [&hellip;]<\/p>\n","protected":false},"author":1788,"featured_media":0,"comment_status":"closed","ping_status":"closed","sticky":false,"template":"","format":"standard","meta":{"fifu_image_url":"https:\/\/www.mapmarrakech.ma\/map\/uploads\/2022\/01\/Logo_INDH-tifinagh-1.jpg","fifu_image_alt":"INDH : Lancement du Programme de soutien scolaire","footnotes":""},"categories":[54,76],"tags":[],"class_list":["post-142283","post","type-post","status-publish","format-standard","hentry","category-maroc","category-regions"],"_links":{"self":[{"href":"https:\/\/linitiative.ca\/International\/wp-json\/wp\/v2\/posts\/142283","targetHints":{"allow":["GET"]}}],"collection":[{"href":"https:\/\/linitiative.ca\/International\/wp-json\/wp\/v2\/posts"}],"about":[{"href":"https:\/\/linitiative.ca\/International\/wp-json\/wp\/v2\/types\/post"}],"author":[{"embeddable":true,"href":"https:\/\/linitiative.ca\/International\/wp-json\/wp\/v2\/users\/1788"}],"replies":[{"embeddable":true,"href":"https:\/\/linitiative.ca\/International\/wp-json\/wp\/v2\/comments?post=142283"}],"version-history":[{"count":0,"href":"https:\/\/linitiative.ca\/International\/wp-json\/wp\/v2\/posts\/142283\/revisions"}],"wp:attachment":[{"href":"https:\/\/linitiative.ca\/International\/wp-json\/wp\/v2\/media?parent=142283"}],"wp:term":[{"taxonomy":"category","embeddable":true,"href":"https:\/\/linitiative.ca\/International\/wp-json\/wp\/v2\/categories?post=142283"},{"taxonomy":"post_tag","embeddable":true,"href":"https:\/\/linitiative.ca\/International\/wp-json\/wp\/v2\/tags?post=142283"}],"curies":[{"name":"wp","href":"https:\/\/api.w.org\/{rel}","templated":true}]}}