{"id":142285,"date":"2022-03-04T04:57:56","date_gmt":"2022-03-04T09:57:56","guid":{"rendered":"https:\/\/linitiative.ca\/International\/ancienne-medina-etat-davancement-du-programme-de-rehabilitation\/"},"modified":"2022-03-04T04:57:56","modified_gmt":"2022-03-04T09:57:56","slug":"ancienne-medina-etat-davancement-du-programme-de-rehabilitation","status":"publish","type":"post","link":"https:\/\/linitiative.ca\/International\/ancienne-medina-etat-davancement-du-programme-de-rehabilitation\/","title":{"rendered":"Ancienne m\u00e9dina: Etat d\u2019avancement du programme de r\u00e9habilitation"},"content":{"rendered":"<div>\n<div style=\"margin-bottom:20px;\"><img loading=\"lazy\" decoding=\"async\" width=\"750\" height=\"430\" src=\"https:\/\/linitiative.ca\/International\/wp-content\/uploads\/sites\/23\/2022\/03\/Essaouira-tourisme-copier.jpg\" class=\"attachment-post-thumbnail size-post-thumbnail wp-post-image\" alt=\"\" srcset=\"https:\/\/linitiative.ca\/International\/wp-content\/uploads\/sites\/23\/2022\/03\/Essaouira-tourisme-copier.jpg 750w, https:\/\/www.mapmarrakech.ma\/map\/uploads\/2022\/03\/Essaouira-tourisme-copier-300x172.jpg 300w\" sizes=\"auto, (max-width: 750px) 100vw, 750px\"><\/div>\n<p>Pr\u00e9sid\u00e9e par le gouverneur de la province, Adil El Maliki, en pr\u00e9sence notamment du pr\u00e9sident du conseil communal d\u2019Essaouira, Tarik Ottmani, du repr\u00e9sentant du Fonds Hassan II pour le D\u00e9veloppement Economique et Social, des chefs des diff\u00e9rents services ext\u00e9rieurs concern\u00e9s et des autorit\u00e9s locales, cette rencontre a \u00e9t\u00e9 l\u2019occasion de faire le point sur l\u2019avancement des travaux et d\u2019examiner les \u00e9tapes franchies jusqu\u2019\u00e0 pr\u00e9sent par chaque projet dans le cadre de ce chantier strat\u00e9gique, qui vient conforter la dynamique multidimensionnelle que conna\u00eet la Cit\u00e9 des Aliz\u00e9s.<\/p>\n<p>Dans un mot d\u2019orientation \u00e0 cette occasion, M. El Maliki a, d\u2019embl\u00e9e, rappel\u00e9 le contexte dans lequel se tient cette rencontre p\u00e9riodique du comit\u00e9 provincial, apr\u00e8s une r\u00e9union de travail consacr\u00e9e, en janvier dernier, \u00e0 l\u2019\u00e9tat d\u2019avancement de ce programme, et rehauss\u00e9e par la participation notamment du Conseiller de SM le Roi et pr\u00e9sident-fondateur de l\u2019Association Essaouira-Mogador, M. Andr\u00e9 Azoulay, de la ministre de l\u2019Am\u00e9nagement du Territoire National, de l\u2019Urbanisme, de l\u2019Habitat et de la politique de la ville, Mme Fatima Zohra El Mansouri, du ministre de la Jeunesse, de la Culture et de la Communication, Mohamed Mehdi Bensaid et du wali de la R\u00e9gion Marrakech-Safi, Karim Kassi-Lahlou.<\/p>\n<p>Le gouverneur a mis l\u2019accent sur la n\u00e9cessit\u00e9 du respect strict des d\u00e9lais fix\u00e9s pour chaque projet et, partant, de ce programme de grande envergure, en g\u00e9n\u00e9ral, tout en veillant \u00e0 la r\u00e9alisation des travaux avec la qualit\u00e9 requise.<\/p>\n<p>Il a \u00e9galement insist\u00e9 sur l\u2019importance du respect du budget allou\u00e9, tout en appelant les diff\u00e9rentes parties concern\u00e9es et les membres du Comit\u00e9 provincial de suivi de ce chantier Royal, \u00e0 garder \u00e0 l\u2019esprit les questions de respect des d\u00e9lais et de la qualit\u00e9 lors de la r\u00e9alisation optimale des travaux afin de pr\u00e9server la philosophie globale de ce programme ambitieux.<\/p>\n<p>Il a, dans la foul\u00e9e, invit\u00e9 les diff\u00e9rentes parties concern\u00e9es par les projets qui accusent du retard dans leur lancement, \u00e0 tenir des r\u00e9unions sp\u00e9cifiques afin de transcender les obstacles et apporter les solutions appropri\u00e9es aux probl\u00e8mes soulev\u00e9s.<\/p>\n<p>M. El Malki n\u2019a pas manqu\u00e9 de mettre en avant la mobilisation de l\u2019ensemble des acteurs et intervenants en vue d\u2019assurer la r\u00e9ussite de ce programme dont l\u2019impact ind\u00e9niable sur la dynamique socio-\u00e9conomique et touristique de la cit\u00e9 des Aliz\u00e9s n\u2019est plus \u00e0 d\u00e9montrer.<\/p>\n<p>Cette r\u00e9union a \u00e9t\u00e9 ponctu\u00e9e d\u2019un expos\u00e9 exhaustif du repr\u00e9sentant de l\u2019Agence \u00ab\u00a0Al-Omrane\u00a0\u00bb sur l\u2019\u00e9tat d\u2019avancement de chaque projet dans le cadre de ce programme, qui mobilise des investissements de l\u2019ordre de 300 millions de DH.<\/p>\n<p>Ainsi, le taux d\u2019avancement global de la r\u00e9alisation des diff\u00e9rentes actions pr\u00e9vues par ce programme s\u2019\u00e9l\u00e8ve actuellement \u00e0 48,5%.<\/p>\n<p>A travers ces r\u00e9unions p\u00e9riodiques, l\u2019autorit\u00e9 provinciale veille \u00e0 assurer le suivi minutieux de l\u2019\u00e9tat d\u2019avancement des travaux et op\u00e9rations pr\u00e9vus.<\/p>\n<p>A noter que ce chantier de r\u00e9habilitation, qui b\u00e9n\u00e9ficie aux 13.000 habitants de la m\u00e9dina, porte sur une s\u00e9rie de projets s\u2019articulant autour de quatre axes majeurs, \u00e0 savoir la r\u00e9habilitation de l\u2019espace urbain, la restauration et la mise en valeur du patrimoine historique, la promotion de l\u2019acc\u00e8s aux services sociaux et le renforcement de l\u2019attractivit\u00e9 touristique et \u00e9conomique de l\u2019ancienne m\u00e9dina d\u2019Essaouira.<\/p>\n<p>\u00c9labor\u00e9 conform\u00e9ment aux Hautes Instructions Royales, ce programme de nouvelle g\u00e9n\u00e9ration est le fruit d\u2019un partenariat entre le Fonds Hassan II pour le d\u00e9veloppement \u00e9conomique et social, plusieurs d\u00e9partements minist\u00e9riels, le Conseil de la r\u00e9gion Marrakech-Safi, le Conseil Communal d\u2019Essaouira et le Groupe Al-Omrane.<\/p>\n<p>Le programme compl\u00e9mentaire de r\u00e9habilitation de l\u2019ancienne m\u00e9dina d\u2019Essaouira 2019-2023 s\u2019inscrit dans le cadre des efforts d\u00e9ploy\u00e9s, sous le leadership clairvoyant de SM le Roi Mohammed VI, pour la pr\u00e9servation et la mise en valeur des anciennes m\u00e9dinas dans plusieurs villes du Royaume comme Rabat, Casablanca, Marrakech, F\u00e8s, Mekn\u00e8s, Sal\u00e9 et T\u00e9touan.<\/p>\n<p>The post <a rel=\"nofollow\" href=\"https:\/\/www.mapmarrakech.ma\/fr\/ancienne-medina-etat-davancement-du-programme-de-rehabilitation\/\">Ancienne m\u00e9dina: Etat d\u2019avancement du programme de r\u00e9habilitation<\/a> appeared first on <a rel=\"nofollow\" href=\"https:\/\/www.mapmarrakech.ma\/fr\">MapMarrakech<\/a>.<\/p>\n<\/div>\n<p>Auteur: Meriem IGASS<br \/>\n<a href=\"https:\/\/www.mapmarrakech.ma\/fr\/ancienne-medina-etat-davancement-du-programme-de-rehabilitation\/\">Cliquez ici pour lire l&rsquo;article depuis sa source.<\/a><\/p>\n","protected":false},"excerpt":{"rendered":"<p>Pr\u00e9sid\u00e9e par le gouverneur de la province, Adil El Maliki, en pr\u00e9sence notamment du pr\u00e9sident du conseil communal d\u2019Essaouira, Tarik Ottmani, du repr\u00e9sentant du Fonds Hassan II pour le D\u00e9veloppement Economique et Social, des chefs des diff\u00e9rents services ext\u00e9rieurs concern\u00e9s et des autorit\u00e9s locales, cette rencontre a \u00e9t\u00e9 l\u2019occasion de faire le point sur l\u2019avancement [&hellip;]<\/p>\n","protected":false},"author":1788,"featured_media":0,"comment_status":"closed","ping_status":"closed","sticky":false,"template":"","format":"standard","meta":{"fifu_image_url":"https:\/\/www.mapmarrakech.ma\/map\/uploads\/2022\/03\/Essaouira-tourisme-copier.jpg","fifu_image_alt":"Ancienne m\u00e9dina: Etat d\u2019avancement du programme de r\u00e9habilitation","footnotes":""},"categories":[54,76],"tags":[],"class_list":["post-142285","post","type-post","status-publish","format-standard","hentry","category-maroc","category-regions"],"_links":{"self":[{"href":"https:\/\/linitiative.ca\/International\/wp-json\/wp\/v2\/posts\/142285","targetHints":{"allow":["GET"]}}],"collection":[{"href":"https:\/\/linitiative.ca\/International\/wp-json\/wp\/v2\/posts"}],"about":[{"href":"https:\/\/linitiative.ca\/International\/wp-json\/wp\/v2\/types\/post"}],"author":[{"embeddable":true,"href":"https:\/\/linitiative.ca\/International\/wp-json\/wp\/v2\/users\/1788"}],"replies":[{"embeddable":true,"href":"https:\/\/linitiative.ca\/International\/wp-json\/wp\/v2\/comments?post=142285"}],"version-history":[{"count":0,"href":"https:\/\/linitiative.ca\/International\/wp-json\/wp\/v2\/posts\/142285\/revisions"}],"wp:attachment":[{"href":"https:\/\/linitiative.ca\/International\/wp-json\/wp\/v2\/media?parent=142285"}],"wp:term":[{"taxonomy":"category","embeddable":true,"href":"https:\/\/linitiative.ca\/International\/wp-json\/wp\/v2\/categories?post=142285"},{"taxonomy":"post_tag","embeddable":true,"href":"https:\/\/linitiative.ca\/International\/wp-json\/wp\/v2\/tags?post=142285"}],"curies":[{"name":"wp","href":"https:\/\/api.w.org\/{rel}","templated":true}]}}