{"id":142287,"date":"2022-03-04T09:05:24","date_gmt":"2022-03-04T14:05:24","guid":{"rendered":"https:\/\/linitiative.ca\/International\/previsions-meteorologiques-pour-le-samedi-05-mars-2022\/"},"modified":"2022-03-04T09:05:24","modified_gmt":"2022-03-04T14:05:24","slug":"previsions-meteorologiques-pour-le-samedi-05-mars-2022","status":"publish","type":"post","link":"https:\/\/linitiative.ca\/International\/previsions-meteorologiques-pour-le-samedi-05-mars-2022\/","title":{"rendered":"Pr\u00e9visions m\u00e9t\u00e9orologiques pour le samedi 05 mars 2022"},"content":{"rendered":"<div>\n<div style=\"margin-bottom:20px;\"><img loading=\"lazy\" decoding=\"async\" width=\"750\" height=\"430\" src=\"https:\/\/linitiative.ca\/International\/wp-content\/uploads\/sites\/23\/2022\/03\/mC3A9tC3A9o.jpg\" class=\"attachment-post-thumbnail size-post-thumbnail wp-post-image\" alt=\"\" srcset=\"https:\/\/linitiative.ca\/International\/wp-content\/uploads\/sites\/23\/2022\/03\/mC3A9tC3A9o.jpg 750w, https:\/\/www.mapmarrakech.ma\/map\/uploads\/2022\/03\/m\u00e9t\u00e9o-300x172.jpg 300w\" sizes=\"auto, (max-width: 750px) 100vw, 750px\"><\/div>\n<p>\u2013 Temps assez froid \u00e0 froid, le matin et la nuit, sur les reliefs, l\u2019Oriental, le Sud-Est et les plateaux de Phosphates.<\/p>\n<p>\u2013 Pluies ou averses, la nuit suivante, sur les c\u00f4tes et les plaines au nord de Safi.<\/p>\n<p>\u2013 Gouttes \u00e9parses sur le Tang\u00e9rois, le Rif, le nord de l\u2019Oriental et la M\u00e9diterran\u00e9e.<\/p>\n<p>\u2013 Rafales de vent assez fortes sur le Sud et les c\u00f4tes centre.<\/p>\n<p>\u2013 Temp\u00e9ratures minimales de l\u2019ordre de -04\/02\u00b0C sur l\u2019Atlas et le Rif, de 01\/07\u00b0C sur l\u2019Oriental, le Sud-Est et les plateaux de Phosphates, de 06\/12\u00b0C sur le Nord et le Centre et de 12\/16\u00b0C sur le Sud.<\/p>\n<p>\u2013 Temp\u00e9ratures du jour en l\u00e9g\u00e8re baisse sur le Sud et en l\u00e9g\u00e8re hausse sur l\u2019Oriental.<\/p>\n<p>\u2013 Mer peu agit\u00e9e \u00e0 agit\u00e9e en M\u00e9diterran\u00e9e et sur le D\u00e9troit, agit\u00e9e \u00e0 tr\u00e8s forte entre Cap Hadid et Tarfaya et agit\u00e9e \u00e0 forte ailleurs.<\/p>\n<p>The post <a rel=\"nofollow\" href=\"https:\/\/www.mapmarrakech.ma\/fr\/previsions-meteorologiques-pour-le-samedi-05-mars-2022\/\">Pr\u00e9visions m\u00e9t\u00e9orologiques pour le samedi 05 mars 2022<\/a> appeared first on <a rel=\"nofollow\" href=\"https:\/\/www.mapmarrakech.ma\/fr\">MapMarrakech<\/a>.<\/p>\n<\/div>\n<p>Auteur: Meriem IGASS<br \/>\n<a href=\"https:\/\/www.mapmarrakech.ma\/fr\/previsions-meteorologiques-pour-le-samedi-05-mars-2022\/\">Cliquez ici pour lire l&rsquo;article depuis sa source.<\/a><\/p>\n","protected":false},"excerpt":{"rendered":"<p>\u2013 Temps assez froid \u00e0 froid, le matin et la nuit, sur les reliefs, l\u2019Oriental, le Sud-Est et les plateaux de Phosphates. \u2013 Pluies ou averses, la nuit suivante, sur les c\u00f4tes et les plaines au nord de Safi. \u2013 Gouttes \u00e9parses sur le Tang\u00e9rois, le Rif, le nord de l\u2019Oriental et la M\u00e9diterran\u00e9e. \u2013 [&hellip;]<\/p>\n","protected":false},"author":1788,"featured_media":0,"comment_status":"closed","ping_status":"closed","sticky":false,"template":"","format":"standard","meta":{"fifu_image_url":"https:\/\/www.mapmarrakech.ma\/map\/uploads\/2022\/03\/m\u00e9t\u00e9o.jpg","fifu_image_alt":"Pr\u00e9visions m\u00e9t\u00e9orologiques pour le samedi 05 mars 2022","footnotes":""},"categories":[54,76],"tags":[],"class_list":["post-142287","post","type-post","status-publish","format-standard","hentry","category-maroc","category-regions"],"_links":{"self":[{"href":"https:\/\/linitiative.ca\/International\/wp-json\/wp\/v2\/posts\/142287","targetHints":{"allow":["GET"]}}],"collection":[{"href":"https:\/\/linitiative.ca\/International\/wp-json\/wp\/v2\/posts"}],"about":[{"href":"https:\/\/linitiative.ca\/International\/wp-json\/wp\/v2\/types\/post"}],"author":[{"embeddable":true,"href":"https:\/\/linitiative.ca\/International\/wp-json\/wp\/v2\/users\/1788"}],"replies":[{"embeddable":true,"href":"https:\/\/linitiative.ca\/International\/wp-json\/wp\/v2\/comments?post=142287"}],"version-history":[{"count":0,"href":"https:\/\/linitiative.ca\/International\/wp-json\/wp\/v2\/posts\/142287\/revisions"}],"wp:attachment":[{"href":"https:\/\/linitiative.ca\/International\/wp-json\/wp\/v2\/media?parent=142287"}],"wp:term":[{"taxonomy":"category","embeddable":true,"href":"https:\/\/linitiative.ca\/International\/wp-json\/wp\/v2\/categories?post=142287"},{"taxonomy":"post_tag","embeddable":true,"href":"https:\/\/linitiative.ca\/International\/wp-json\/wp\/v2\/tags?post=142287"}],"curies":[{"name":"wp","href":"https:\/\/api.w.org\/{rel}","templated":true}]}}