{"id":142291,"date":"2022-03-03T15:23:12","date_gmt":"2022-03-03T20:23:12","guid":{"rendered":"https:\/\/linitiative.ca\/International\/vers-le-lancement-dune-operation-didentification-des-ruches-dabeilles\/"},"modified":"2022-03-03T15:23:12","modified_gmt":"2022-03-03T20:23:12","slug":"vers-le-lancement-dune-operation-didentification-des-ruches-dabeilles","status":"publish","type":"post","link":"https:\/\/linitiative.ca\/International\/vers-le-lancement-dune-operation-didentification-des-ruches-dabeilles\/","title":{"rendered":"Vers le lancement d\u2019une op\u00e9ration d\u2019identification des ruches d\u2019abeilles"},"content":{"rendered":"<div>\n<div style=\"margin-bottom:20px;\"><img loading=\"lazy\" decoding=\"async\" width=\"750\" height=\"430\" src=\"https:\/\/linitiative.ca\/International\/wp-content\/uploads\/sites\/23\/2022\/03\/conseil-du-gouvernement-mustapha-baitas-point-de-presse-porte-parole-750C397430-MAP.jpg\" class=\"attachment-post-thumbnail size-post-thumbnail wp-post-image\" alt=\"\" srcset=\"https:\/\/linitiative.ca\/International\/wp-content\/uploads\/sites\/23\/2022\/03\/conseil-du-gouvernement-mustapha-baitas-point-de-presse-porte-parole-750C397430-MAP.jpg 750w, https:\/\/www.mapoujda.ma\/map\/uploads\/2022\/03\/conseil-du-gouvernement-mustapha-baitas-point-de-presse-porte-parole-750\u00d7430-MAP-300x172.jpg 300w\" sizes=\"auto, (max-width: 750px) 100vw, 750px\"><\/div>\n<div>\n<p style=\"text-align: justify;\">Une op\u00e9ration d\u2019identification des ruches d\u2019abeilles sera lanc\u00e9e dans l\u2019avenir, \u00e0 l\u2019instar des autres fili\u00e8res de production, a annonc\u00e9, jeudi \u00e0 Rabat, le ministre d\u00e9l\u00e9gu\u00e9 charg\u00e9 des Relations avec le parlement, porte-parole du gouvernement, Mustapha Baitas.<\/p>\n<p style=\"text-align: justify;\">Le minist\u00e8re de l\u2019Agriculture, de la p\u00eache maritime, du d\u00e9veloppement rural et des eaux et for\u00eats, en coordination avec l\u2019Office national de s\u00e9curit\u00e9 sanitaire des produits alimentaires (ONSSA), a lanc\u00e9 une s\u00e9rie d\u2019\u00e9tudes s\u2019articulant autour du ph\u00e9nom\u00e8ne de disparition des colonies d\u2019abeilles, afin de d\u00e9terminer les facteurs y contribuant, a indiqu\u00e9 M. Baitas, lors d\u2019un point de presse \u00e0 l\u2019issue du Conseil de gouvernement, r\u00e9uni sous la pr\u00e9sidence du Chef du gouvernement, Aziz Akhannouch.<\/p>\n<p style=\"text-align: justify;\">\u00ab\u00a0Le ph\u00e9nom\u00e8ne de disparition des abeilles enregistr\u00e9 au Maroc, s\u2019est produit, \u00e9galement dans plusieurs pays en Afrique, Europe et en Am\u00e9rique\u00a0\u00bb, a-t-il fait observer.<\/p>\n<p style=\"text-align: justify;\">Dans ce cadre, un total de 20.000 ruches a \u00e9t\u00e9 examin\u00e9 pour identifier les raisons derri\u00e8re ce nouveau ph\u00e9nom\u00e8ne, a pr\u00e9cis\u00e9 M. Baitas, expliquant que les changements climatiques, le d\u00e9ficit des pr\u00e9cipitations ainsi que de nouvelles pratiques en mati\u00e8re d\u2019apiculture constituent des facteurs potentiels pouvant engendrer ce ph\u00e9nom\u00e8ne. Et d\u2019ajouter que des \u00e9chantillons d\u2019abeilles ont \u00e9t\u00e9 exp\u00e9di\u00e9s \u00e0 des laboratoires nationaux et \u00e9trangers pour \u00e9tude.<\/p>\n<p style=\"text-align: justify;\">A cet \u00e9gard, le ministre a fait \u00e9tat de la mise en place d\u2019un programme d\u2019une enveloppe financi\u00e8re de 130 millions de dirhams (MDH) pour fournir des traitements contre plusieurs maladies telle que la varroase, l\u2019indemnisation des apiculteurs touch\u00e9s en leur attribuant de nouvelles ruches, l\u2019accompagnement des \u00e9levages apicoles pour monter en comp\u00e9tence et l\u2019encouragement de la recherche scientifique dans ce domaine.<\/p>\n<\/div>\n<p>L\u2019article <a rel=\"nofollow\" href=\"https:\/\/www.mapoujda.ma\/fr\/vers-le-lancement-dune-operation-didentification-des-ruches-dabeilles\/\">Vers le lancement d\u2019une op\u00e9ration d\u2019identification des ruches d\u2019abeilles<\/a> est apparu en premier sur <a rel=\"nofollow\" href=\"https:\/\/www.mapoujda.ma\/fr\">MapOujda<\/a>.<\/p>\n<\/div>\n<p>Auteur: Soufiane ELAHMAR<br \/>\n<a href=\"https:\/\/www.mapoujda.ma\/fr\/vers-le-lancement-dune-operation-didentification-des-ruches-dabeilles\/\">Cliquez ici pour lire l&rsquo;article depuis sa source.<\/a><\/p>\n","protected":false},"excerpt":{"rendered":"<p>Une op\u00e9ration d\u2019identification des ruches d\u2019abeilles sera lanc\u00e9e dans l\u2019avenir, \u00e0 l\u2019instar des autres fili\u00e8res de production, a annonc\u00e9, jeudi \u00e0 Rabat, le ministre d\u00e9l\u00e9gu\u00e9 charg\u00e9 des Relations avec le parlement, porte-parole du gouvernement, Mustapha Baitas. Le minist\u00e8re de l\u2019Agriculture, de la p\u00eache maritime, du d\u00e9veloppement rural et des eaux et for\u00eats, en coordination avec [&hellip;]<\/p>\n","protected":false},"author":1788,"featured_media":0,"comment_status":"closed","ping_status":"closed","sticky":false,"template":"","format":"standard","meta":{"fifu_image_url":"https:\/\/www.mapoujda.ma\/map\/uploads\/2022\/03\/conseil-du-gouvernement-mustapha-baitas-point-de-presse-porte-parole-750\u00d7430-MAP.jpg","fifu_image_alt":"Vers le lancement d\u2019une op\u00e9ration d\u2019identification des ruches d\u2019abeilles","footnotes":""},"categories":[54,76],"tags":[],"class_list":["post-142291","post","type-post","status-publish","format-standard","hentry","category-maroc","category-regions"],"_links":{"self":[{"href":"https:\/\/linitiative.ca\/International\/wp-json\/wp\/v2\/posts\/142291","targetHints":{"allow":["GET"]}}],"collection":[{"href":"https:\/\/linitiative.ca\/International\/wp-json\/wp\/v2\/posts"}],"about":[{"href":"https:\/\/linitiative.ca\/International\/wp-json\/wp\/v2\/types\/post"}],"author":[{"embeddable":true,"href":"https:\/\/linitiative.ca\/International\/wp-json\/wp\/v2\/users\/1788"}],"replies":[{"embeddable":true,"href":"https:\/\/linitiative.ca\/International\/wp-json\/wp\/v2\/comments?post=142291"}],"version-history":[{"count":0,"href":"https:\/\/linitiative.ca\/International\/wp-json\/wp\/v2\/posts\/142291\/revisions"}],"wp:attachment":[{"href":"https:\/\/linitiative.ca\/International\/wp-json\/wp\/v2\/media?parent=142291"}],"wp:term":[{"taxonomy":"category","embeddable":true,"href":"https:\/\/linitiative.ca\/International\/wp-json\/wp\/v2\/categories?post=142291"},{"taxonomy":"post_tag","embeddable":true,"href":"https:\/\/linitiative.ca\/International\/wp-json\/wp\/v2\/tags?post=142291"}],"curies":[{"name":"wp","href":"https:\/\/api.w.org\/{rel}","templated":true}]}}