{"id":142293,"date":"2022-03-03T15:24:55","date_gmt":"2022-03-03T20:24:55","guid":{"rendered":"https:\/\/linitiative.ca\/International\/le-1er-chaabane-1443-de-lhegire-correspondra-au-vendredi-04-mars\/"},"modified":"2022-03-03T15:24:55","modified_gmt":"2022-03-03T20:24:55","slug":"le-1er-chaabane-1443-de-lhegire-correspondra-au-vendredi-04-mars","status":"publish","type":"post","link":"https:\/\/linitiative.ca\/International\/le-1er-chaabane-1443-de-lhegire-correspondra-au-vendredi-04-mars\/","title":{"rendered":"Le 1er Cha\u00e2bane 1443 de l\u2019h\u00e9gire correspondra au vendredi 04 mars"},"content":{"rendered":"<div>\n<div style=\"margin-bottom:20px;\"><img loading=\"lazy\" decoding=\"async\" width=\"750\" height=\"430\" src=\"https:\/\/linitiative.ca\/International\/wp-content\/uploads\/sites\/23\/2022\/03\/ministere-des-habous-750x430-DR.jpg\" class=\"attachment-post-thumbnail size-post-thumbnail wp-post-image\" alt=\"\" srcset=\"https:\/\/linitiative.ca\/International\/wp-content\/uploads\/sites\/23\/2022\/03\/ministere-des-habous-750x430-DR.jpg 750w, https:\/\/www.mapoujda.ma\/map\/uploads\/2021\/01\/ministere-des-habous-750x430-DR-300x172.jpg 300w\" sizes=\"auto, (max-width: 750px) 100vw, 750px\"><\/div>\n<div>\n<p>Le 1er Cha\u00e2bane 1443 de l\u2019h\u00e9gire correspondra au\u00a0vendredi 04 mars 2022, a annonc\u00e9, jeudi soir, le minist\u00e8re des Habous et des Affaires islamiques.<\/p>\n<p>Dans un communiqu\u00e9, le minist\u00e8re confirme l\u2019observation du croissant lunaire au coucher du soleil de la journ\u00e9e du jeudi 29 Rajab 1443 de l\u2019h\u00e9gire correspondant au 03 mars 2022, notant de ce fait que, le 1er Cha\u00e2bane 1443 de l\u2019h\u00e9gire correspondra au vendredi 04 mars.<\/p>\n<p>Puisse Dieu, en ce mois b\u00e9ni, combler de Ses faveurs SM le Roi Mohammed VI, Amir Al Mouminine, et renouveler pareille occasion pour le Souverain dans la grandeur et la gloire, pour SAR le Prince H\u00e9ritier Moulay El Hassan et l\u2019ensemble des membres de l\u2019Illustre famille Royale dans les bienfaits et pour le peuple marocain et l\u2019ensemble de la Oumma islamique dans le progr\u00e8s, la prosp\u00e9rit\u00e9, la s\u00e9curit\u00e9 et la qui\u00e9tude.<\/p>\n<\/div>\n<p>L\u2019article <a rel=\"nofollow\" href=\"https:\/\/www.mapoujda.ma\/fr\/le-1er-chaabane-1443-de-lhegire-correspondra-au-vendredi-04-mars\/\">Le 1er Cha\u00e2bane 1443 de l\u2019h\u00e9gire correspondra au vendredi 04 mars<\/a> est apparu en premier sur <a rel=\"nofollow\" href=\"https:\/\/www.mapoujda.ma\/fr\">MapOujda<\/a>.<\/p>\n<\/div>\n<p>Auteur: Soufiane ELAHMAR<br \/>\n<a href=\"https:\/\/www.mapoujda.ma\/fr\/le-1er-chaabane-1443-de-lhegire-correspondra-au-vendredi-04-mars\/\">Cliquez ici pour lire l&rsquo;article depuis sa source.<\/a><\/p>\n","protected":false},"excerpt":{"rendered":"<p>Le 1er Cha\u00e2bane 1443 de l\u2019h\u00e9gire correspondra au\u00a0vendredi 04 mars 2022, a annonc\u00e9, jeudi soir, le minist\u00e8re des Habous et des Affaires islamiques. Dans un communiqu\u00e9, le minist\u00e8re confirme l\u2019observation du croissant lunaire au coucher du soleil de la journ\u00e9e du jeudi 29 Rajab 1443 de l\u2019h\u00e9gire correspondant au 03 mars 2022, notant de ce [&hellip;]<\/p>\n","protected":false},"author":1788,"featured_media":0,"comment_status":"closed","ping_status":"closed","sticky":false,"template":"","format":"standard","meta":{"fifu_image_url":"https:\/\/www.mapoujda.ma\/map\/uploads\/2021\/01\/ministere-des-habous-750x430-DR.jpg","fifu_image_alt":"Le 1er Cha\u00e2bane 1443 de l\u2019h\u00e9gire correspondra au vendredi 04 mars","footnotes":""},"categories":[54,76],"tags":[],"class_list":["post-142293","post","type-post","status-publish","format-standard","hentry","category-maroc","category-regions"],"_links":{"self":[{"href":"https:\/\/linitiative.ca\/International\/wp-json\/wp\/v2\/posts\/142293","targetHints":{"allow":["GET"]}}],"collection":[{"href":"https:\/\/linitiative.ca\/International\/wp-json\/wp\/v2\/posts"}],"about":[{"href":"https:\/\/linitiative.ca\/International\/wp-json\/wp\/v2\/types\/post"}],"author":[{"embeddable":true,"href":"https:\/\/linitiative.ca\/International\/wp-json\/wp\/v2\/users\/1788"}],"replies":[{"embeddable":true,"href":"https:\/\/linitiative.ca\/International\/wp-json\/wp\/v2\/comments?post=142293"}],"version-history":[{"count":0,"href":"https:\/\/linitiative.ca\/International\/wp-json\/wp\/v2\/posts\/142293\/revisions"}],"wp:attachment":[{"href":"https:\/\/linitiative.ca\/International\/wp-json\/wp\/v2\/media?parent=142293"}],"wp:term":[{"taxonomy":"category","embeddable":true,"href":"https:\/\/linitiative.ca\/International\/wp-json\/wp\/v2\/categories?post=142293"},{"taxonomy":"post_tag","embeddable":true,"href":"https:\/\/linitiative.ca\/International\/wp-json\/wp\/v2\/tags?post=142293"}],"curies":[{"name":"wp","href":"https:\/\/api.w.org\/{rel}","templated":true}]}}