{"id":142301,"date":"2022-03-04T03:55:19","date_gmt":"2022-03-04T08:55:19","guid":{"rendered":"https:\/\/linitiative.ca\/International\/macron-annonce-sa-candidature-a-la-presidentielle\/"},"modified":"2022-03-04T03:55:19","modified_gmt":"2022-03-04T08:55:19","slug":"macron-annonce-sa-candidature-a-la-presidentielle","status":"publish","type":"post","link":"https:\/\/linitiative.ca\/International\/macron-annonce-sa-candidature-a-la-presidentielle\/","title":{"rendered":"Macron annonce sa candidature \u00e0 la Pr\u00e9sidentielle"},"content":{"rendered":"<div>\n<div class=\"field field-name-body field-type-text-with-summary field-label-hidden\">\n<div class=\"field-items\">\n<div class=\"field-item even\" property=\"content:encoded\">\n<p class=\"rtejustify\">Le Pr\u00e9sident fran\u00e7ais Emmanuel Macron a annonc\u00e9, jeudi soir, sa candidature \u00e0 la Pr\u00e9sidentielle qui se d\u00e9roulera en deux tours en avril prochain.<\/p>\n<\/div>\n<\/div>\n<\/div>\n<\/div>\n<p>Auteur: mbasraoui<br \/>\n<a href=\"https:\/\/www.leconomiste.com\/flash-infos\/macron-annonce-sa-candidature-la-presidentielle\">Cliquez ici pour lire l&rsquo;article depuis sa source.<\/a><\/p>\n","protected":false},"excerpt":{"rendered":"<p>Le Pr\u00e9sident fran\u00e7ais Emmanuel Macron a annonc\u00e9, jeudi soir, sa candidature \u00e0 la Pr\u00e9sidentielle qui se d\u00e9roulera en deux tours en avril prochain. Auteur: mbasraoui Cliquez ici pour lire l&rsquo;article depuis sa source.<\/p>\n","protected":false},"author":1763,"featured_media":0,"comment_status":"closed","ping_status":"closed","sticky":false,"template":"","format":"standard","meta":{"fifu_image_url":"","fifu_image_alt":"","footnotes":""},"categories":[78,54],"tags":[],"class_list":["post-142301","post","type-post","status-publish","format-standard","hentry","category-economie","category-maroc"],"_links":{"self":[{"href":"https:\/\/linitiative.ca\/International\/wp-json\/wp\/v2\/posts\/142301","targetHints":{"allow":["GET"]}}],"collection":[{"href":"https:\/\/linitiative.ca\/International\/wp-json\/wp\/v2\/posts"}],"about":[{"href":"https:\/\/linitiative.ca\/International\/wp-json\/wp\/v2\/types\/post"}],"author":[{"embeddable":true,"href":"https:\/\/linitiative.ca\/International\/wp-json\/wp\/v2\/users\/1763"}],"replies":[{"embeddable":true,"href":"https:\/\/linitiative.ca\/International\/wp-json\/wp\/v2\/comments?post=142301"}],"version-history":[{"count":0,"href":"https:\/\/linitiative.ca\/International\/wp-json\/wp\/v2\/posts\/142301\/revisions"}],"wp:attachment":[{"href":"https:\/\/linitiative.ca\/International\/wp-json\/wp\/v2\/media?parent=142301"}],"wp:term":[{"taxonomy":"category","embeddable":true,"href":"https:\/\/linitiative.ca\/International\/wp-json\/wp\/v2\/categories?post=142301"},{"taxonomy":"post_tag","embeddable":true,"href":"https:\/\/linitiative.ca\/International\/wp-json\/wp\/v2\/tags?post=142301"}],"curies":[{"name":"wp","href":"https:\/\/api.w.org\/{rel}","templated":true}]}}