{"id":142308,"date":"2022-03-04T08:19:40","date_gmt":"2022-03-04T13:19:40","guid":{"rendered":"https:\/\/linitiative.ca\/International\/organiser-une-conference-ted-les-etapes-a-suivre\/"},"modified":"2022-03-04T08:19:40","modified_gmt":"2022-03-04T13:19:40","slug":"organiser-une-conference-ted-les-etapes-a-suivre","status":"publish","type":"post","link":"https:\/\/linitiative.ca\/International\/organiser-une-conference-ted-les-etapes-a-suivre\/","title":{"rendered":"Organiser une conf\u00e9rence TED\u00a0: les \u00e9tapes \u00e0 suivre"},"content":{"rendered":"<div>\n<p>Les conf\u00e9rences TED sont de nos jours tr\u00e8s en vogue. \u00c0 but non lucratif, cette s\u00e9rie de conf\u00e9rences s\u2019organise sur le plan international. Le but principal est de discuter autour des id\u00e9es qui valent la peine d\u2019\u00eatre diffus\u00e9es (inspir\u00e9 de l\u2019anglais\u00a0: <i>Ideas worth spreading<\/i>). C\u2019est un format de pr\u00e9sentation qui travaille \u00e9norm\u00e9ment votre prise de parole en public. Si vous d\u00e9cidez de vous mettre \u00e0 la place d\u2019un organisateur de conf\u00e9rence TED, voici les \u00e9tapes de ce processus que vous devez conna\u00eetre.<\/p>\n<p>\u00a0<\/p>\n<h2>Identification de votre th\u00e9matique<\/h2>\n<p>\u00a0<\/p>\n<p>La premi\u00e8re \u00e9tape dans l\u2019<strong>organisation<\/strong> d\u2019un \u00e9v\u00e8nement comme une conf\u00e9rence <i>TED<\/i> est de trouver l\u2019id\u00e9e centrale. En effet, il vous faut bien un sujet de discussion \u00e0 propos duquel, les speakers doivent s\u2019exprimer. C\u2019est d\u2019ailleurs la plus importante et plus difficile \u00e9tape du processus selon certains doyens de l\u2019organisation de ce type de conf\u00e9rence. Il ne suffit pas de trouver une id\u00e9e. Vous devez en trouver une qui soit innovante, nouvelle et adapt\u00e9e. Les <i>speakers<\/i> de votre \u00e9v\u00e9nement ne doivent pas avoir de mal \u00e0 s\u2019exprimer autour dudit sujet. N\u2019oubliez pas de faire votre commande de <a href=\"https:\/\/www.maxilia.fr\/mug-personnalise\/\">tasse publicitaire<\/a> pour chacun de vos speakers. C\u2019est d\u2019ailleurs une mani\u00e8re d\u2019\u00eatre \u00e9ternellement dans la m\u00e9moire de ceux-ci.<\/p>\n<p><img decoding=\"async\" loading=\"lazy\" class=\"aligncenter size-full wp-image-1479\" src=\"https:\/\/linitiative.ca\/International\/wp-content\/uploads\/sites\/23\/2022\/03\/conference.jpeg\" alt=\"conference\" width=\"848\" height=\"565\" srcset=\"https:\/\/linitiative.ca\/International\/wp-content\/uploads\/sites\/23\/2022\/03\/conference.jpeg 848w, https:\/\/s3.eu-west-3.amazonaws.com\/reflexiondz.net\/wp-content\/uploads\/2022\/03\/04141911\/conference-300x200.jpeg 300w, https:\/\/s3.eu-west-3.amazonaws.com\/reflexiondz.net\/wp-content\/uploads\/2022\/03\/04141911\/conference-768x512.jpeg 768w\" sizes=\"auto, (max-width: 848px) 100vw, 848px\"><\/p>\n<p>\u00a0<\/p>\n<h2>Accompagnement des speakers<\/h2>\n<p>Le choix de votre sujet fait, la partie suivante est de briefer vos speakers. En effet, m\u00eame si un bon choix de th\u00e9matique de discussion est fait, vous devez quand m\u00eame trouver les orateurs parfaits qui pourront parcourir tous les angles de votre sujet. Il vous faut donc contacter ces derniers. Ensuite, vous les briefez et conseillez sur ce qu\u2019ils doivent dire et comment le faire. Par ailleurs, \u00e9tant attendu que parler lors d\u2019une conf\u00e9rence TED ne s\u2019improvise pas, vous devez vous pr\u00e9parer et tout mettre en place. Le r\u00e9cit des speakers doit \u00eatre \u00e9crit \u00e0 l\u2019avance et \u00eatre incarn\u00e9 par ces derniers. C\u2019est le cahier des charges \u00e0 respecter. L\u2019assembl\u00e9e a besoin d\u2019une <i>s\u00e9ance de discussion vivante<\/i> et non de l\u2019improvisation.<\/p>\n<p>\u00a0<\/p>\n<h2>Mettre en place un travail d\u2019\u00e9quipe<\/h2>\n<p>\u00a0<\/p>\n<p>Si vous avez pu identifier une belle th\u00e9matique pour <a href=\"https:\/\/www.letelegramme.fr\/morbihan\/inzinzac-lochrist\/une-conference-sur-le-blavet-a-inzinzac-lochrist-mercredi-2-mars-25-02-2022-12928278.php\">votre conf\u00e9rence<\/a>, vous avez franchi un grand cap. De m\u00eame, l\u2019accompagnement des speakers vous fera avancer dans l\u2019organisation de votre <a href=\"https:\/\/www.ouest-france.fr\/bretagne\/lizio-56460\/tedx-de-quoi-sagit-il-3951453\">conf\u00e9rence TED<\/a>. Cependant, il vous reste encore du boulot. Pour tout \u00e9v\u00e9nement, vous avez toujours besoin de partenaires pour vous accompagner. Il vous faut \u00e9galement un site internet pour digitaliser votre conf\u00e9rence. De plus, pour les communications, il vous faut une charte graphique. Voil\u00e0 autant d\u2019\u00e9l\u00e9ments qu\u2019il vous faut mettre en place dans l\u2019organisation d\u2019une <strong>conf\u00e9rence<\/strong> TED. \u00c0 ce titre, vous devez penser \u00e0 un travail en \u00e9quipe. R\u00e9partir les t\u00e2ches est une bonne id\u00e9e, si vous voulez gagner du temps.<\/p>\n<p>The post <a rel=\"nofollow\" href=\"https:\/\/www.reflexiondz.net\/organiser-une-conference-ted-les-etapes-a-suivre\/\">Organiser une conf\u00e9rence TED\u00a0: les \u00e9tapes \u00e0 suivre<\/a> appeared first on <a rel=\"nofollow\" href=\"https:\/\/www.reflexiondz.net\/\">reflexiondz<\/a>.<\/p>\n<\/div>\n<p>Auteur: reflexiondz_net<br \/>\n<a href=\"https:\/\/www.reflexiondz.net\/organiser-une-conference-ted-les-etapes-a-suivre\/\">Cliquez ici pour lire l&rsquo;article depuis sa source.<\/a><\/p>\n","protected":false},"excerpt":{"rendered":"<p>Les conf\u00e9rences TED sont de nos jours tr\u00e8s en vogue. \u00c0 but non lucratif, cette s\u00e9rie de conf\u00e9rences s\u2019organise sur le plan international. Le but principal est de discuter autour des id\u00e9es qui valent la peine d\u2019\u00eatre diffus\u00e9es (inspir\u00e9 de l\u2019anglais\u00a0: Ideas worth spreading). C\u2019est un format de pr\u00e9sentation qui travaille \u00e9norm\u00e9ment votre prise de [&hellip;]<\/p>\n","protected":false},"author":1740,"featured_media":0,"comment_status":"closed","ping_status":"closed","sticky":false,"template":"","format":"standard","meta":{"fifu_image_url":"https:\/\/s3.eu-west-3.amazonaws.com\/reflexiondz.net\/wp-content\/uploads\/2022\/03\/04141911\/conference.jpeg","fifu_image_alt":"Organiser une conf\u00e9rence TED\u00a0: les \u00e9tapes \u00e0 suivre","footnotes":""},"categories":[53,76],"tags":[],"class_list":["post-142308","post","type-post","status-publish","format-standard","hentry","category-algerie","category-regions"],"_links":{"self":[{"href":"https:\/\/linitiative.ca\/International\/wp-json\/wp\/v2\/posts\/142308","targetHints":{"allow":["GET"]}}],"collection":[{"href":"https:\/\/linitiative.ca\/International\/wp-json\/wp\/v2\/posts"}],"about":[{"href":"https:\/\/linitiative.ca\/International\/wp-json\/wp\/v2\/types\/post"}],"author":[{"embeddable":true,"href":"https:\/\/linitiative.ca\/International\/wp-json\/wp\/v2\/users\/1740"}],"replies":[{"embeddable":true,"href":"https:\/\/linitiative.ca\/International\/wp-json\/wp\/v2\/comments?post=142308"}],"version-history":[{"count":0,"href":"https:\/\/linitiative.ca\/International\/wp-json\/wp\/v2\/posts\/142308\/revisions"}],"wp:attachment":[{"href":"https:\/\/linitiative.ca\/International\/wp-json\/wp\/v2\/media?parent=142308"}],"wp:term":[{"taxonomy":"category","embeddable":true,"href":"https:\/\/linitiative.ca\/International\/wp-json\/wp\/v2\/categories?post=142308"},{"taxonomy":"post_tag","embeddable":true,"href":"https:\/\/linitiative.ca\/International\/wp-json\/wp\/v2\/tags?post=142308"}],"curies":[{"name":"wp","href":"https:\/\/api.w.org\/{rel}","templated":true}]}}