{"id":142310,"date":"2022-03-04T03:27:00","date_gmt":"2022-03-04T08:27:00","guid":{"rendered":"https:\/\/linitiative.ca\/International\/adel-megdiche-le-peintre-chantre-de-la-beaute-et-du-raffinement\/"},"modified":"2022-03-04T03:27:00","modified_gmt":"2022-03-04T08:27:00","slug":"adel-megdiche-le-peintre-chantre-de-la-beaute-et-du-raffinement","status":"publish","type":"post","link":"https:\/\/linitiative.ca\/International\/adel-megdiche-le-peintre-chantre-de-la-beaute-et-du-raffinement\/","title":{"rendered":"Adel Megdiche: Le peintre, chantre de la beaut\u00e9 et du raffinement"},"content":{"rendered":"<div><img decoding=\"async\" src=\"https:\/\/linitiative.ca\/International\/wp-content\/uploads\/sites\/23\/2022\/03\/1646380354_article.jpg\" alt=\"Adel Megdiche: Le peintre, chantre de la beaut\u00e9 et du raffinement\" align=\"left\">Par Taoufik Habaieb &#8211; Il aurait boucl\u00e9 ses 72 ans ce 9 mars. Adel Megdiche est parti trop t\u00f4t, subitement ravi aux siens, en douceur, le 27 janvier dernier. Peintre d\u2019un talent exceptionnel, il laisse une \u0153uvre immense, plurielle, d\u00e9di\u00e9e surtout \u00e0 la femme dans ses multiples charmes et ses surprenants secrets.<br \/>\nUn regard brillant, derri\u00e8re des lunettes \u00e0 monture cercl\u00e9e, de fines moustaches et une barbichette, une main agile aux doigts fins et pr\u00e9cis, et un sourire \u00e9nigmatique : Adel Megdiche a toujours v\u00e9cu dans son propre univers. S\u2019il aimait partager ses journ\u00e9es entre ses amis, ses disciples et sa famille, il s\u2019\u00e9chappait du quotidien pour se vouer \u00e0 sa peinture, &#8230;<\/p>\n<\/div>\n<p>Auteur:<br \/>\n<a href=\"https:\/\/www.leaders.com.tn\/article\/33041-adel-megdiche-le-peintre-chantre-de-la-beaute-et-du-raffinement\">Cliquez ici pour lire l&rsquo;article depuis sa source.<\/a><\/p>\n","protected":false},"excerpt":{"rendered":"<p>Par Taoufik Habaieb &#8211; Il aurait boucl\u00e9 ses 72 ans ce 9 mars. Adel Megdiche est parti trop t\u00f4t, subitement ravi aux siens, en douceur, le 27 janvier dernier. Peintre d\u2019un talent exceptionnel, il laisse une \u0153uvre immense, plurielle, d\u00e9di\u00e9e surtout \u00e0 la femme dans ses multiples charmes et ses surprenants secrets. Un regard brillant, [&hellip;]<\/p>\n","protected":false},"author":1772,"featured_media":0,"comment_status":"closed","ping_status":"closed","sticky":false,"template":"","format":"standard","meta":{"fifu_image_url":"http:\/\/www.leaders.com.tn\/uploads\/content\/thumbnails_small\/1646380354_article.jpg","fifu_image_alt":"Adel Megdiche: Le peintre, chantre de la beaut\u00e9 et du raffinement","footnotes":""},"categories":[73,55],"tags":[],"class_list":["post-142310","post","type-post","status-publish","format-standard","hentry","category-actualite","category-tunisie"],"_links":{"self":[{"href":"https:\/\/linitiative.ca\/International\/wp-json\/wp\/v2\/posts\/142310","targetHints":{"allow":["GET"]}}],"collection":[{"href":"https:\/\/linitiative.ca\/International\/wp-json\/wp\/v2\/posts"}],"about":[{"href":"https:\/\/linitiative.ca\/International\/wp-json\/wp\/v2\/types\/post"}],"author":[{"embeddable":true,"href":"https:\/\/linitiative.ca\/International\/wp-json\/wp\/v2\/users\/1772"}],"replies":[{"embeddable":true,"href":"https:\/\/linitiative.ca\/International\/wp-json\/wp\/v2\/comments?post=142310"}],"version-history":[{"count":0,"href":"https:\/\/linitiative.ca\/International\/wp-json\/wp\/v2\/posts\/142310\/revisions"}],"wp:attachment":[{"href":"https:\/\/linitiative.ca\/International\/wp-json\/wp\/v2\/media?parent=142310"}],"wp:term":[{"taxonomy":"category","embeddable":true,"href":"https:\/\/linitiative.ca\/International\/wp-json\/wp\/v2\/categories?post=142310"},{"taxonomy":"post_tag","embeddable":true,"href":"https:\/\/linitiative.ca\/International\/wp-json\/wp\/v2\/tags?post=142310"}],"curies":[{"name":"wp","href":"https:\/\/api.w.org\/{rel}","templated":true}]}}