{"id":142312,"date":"2022-03-04T05:00:00","date_gmt":"2022-03-04T10:00:00","guid":{"rendered":"https:\/\/linitiative.ca\/International\/hassen-zargouni-nous-pouvons-developper-encore-le-potentiel-des-relations-economiques-tuniso-francaises\/"},"modified":"2022-03-04T05:00:00","modified_gmt":"2022-03-04T10:00:00","slug":"hassen-zargouni-nous-pouvons-developper-encore-le-potentiel-des-relations-economiques-tuniso-francaises","status":"publish","type":"post","link":"https:\/\/linitiative.ca\/International\/hassen-zargouni-nous-pouvons-developper-encore-le-potentiel-des-relations-economiques-tuniso-francaises\/","title":{"rendered":"Hassen Zargouni: \u00abNous pouvons d\u00e9velopper encore le potentiel des relations \u00e9conomiques tuniso-fran\u00e7aises\u00bb"},"content":{"rendered":"<div><img decoding=\"async\" src=\"https:\/\/linitiative.ca\/International\/wp-content\/uploads\/sites\/23\/2022\/03\/1646142416_article.jpg\" alt=\"Hassen Zargouni: \u00abNous pouvons d\u00e9velopper encore le potentiel des relations \u00e9conomiques tuniso-fran\u00e7aises\u00bb \" align=\"left\">Propos recueillis par Samy Ghorbal &#8211; La Chambre Tuniso-Fran\u00e7aise de Commerce et d\u2019Industrie (CFTCI) tiendra, le 10 mars prochain \u00e0 Tunis, son Assembl\u00e9e G\u00e9n\u00e9rale \u00c9lective pour d\u00e9signer un successeur \u00e0 Foued Lakhoua, pr\u00e9sident en exercice depuis deux d\u00e9cennies, qui ne se repr\u00e9sente pas.<br \/>\nFondateur de Sigma Conseil, ancien pr\u00e9sident de la section tunisienne du Rotary et de l\u2019ATUGE, qu\u2019il a contribu\u00e9 \u00e0 mettre sur orbite, Hassen Zargouni est membre du comit\u00e9 directeur de la CTFCI depuis 2005. A la t\u00eate d\u2019une liste d\u2019une cinquantaine de membres, il en brigue aujourd\u2019hui la pr\u00e9sidence. Candidat \u00e0 un mandat unique de trois ans, il veut faire des Petites et Moyennes &#8230;<\/p>\n<\/div>\n<p>Auteur:<br \/>\n<a href=\"https:\/\/www.leaders.com.tn\/article\/33022-hassen-zargouni-nous-pouvons-developper-encore-le-potentiel-des-relations-economiques-tuniso-francaises\">Cliquez ici pour lire l&rsquo;article depuis sa source.<\/a><\/p>\n","protected":false},"excerpt":{"rendered":"<p>Propos recueillis par Samy Ghorbal &#8211; La Chambre Tuniso-Fran\u00e7aise de Commerce et d\u2019Industrie (CFTCI) tiendra, le 10 mars prochain \u00e0 Tunis, son Assembl\u00e9e G\u00e9n\u00e9rale \u00c9lective pour d\u00e9signer un successeur \u00e0 Foued Lakhoua, pr\u00e9sident en exercice depuis deux d\u00e9cennies, qui ne se repr\u00e9sente pas. Fondateur de Sigma Conseil, ancien pr\u00e9sident de la section tunisienne du Rotary [&hellip;]<\/p>\n","protected":false},"author":1772,"featured_media":0,"comment_status":"closed","ping_status":"closed","sticky":false,"template":"","format":"standard","meta":{"fifu_image_url":"http:\/\/www.leaders.com.tn\/uploads\/content\/thumbnails_small\/1646142416_article.jpg","fifu_image_alt":"Hassen Zargouni: \u00abNous pouvons d\u00e9velopper encore le potentiel des relations \u00e9conomiques tuniso-fran\u00e7aises\u00bb","footnotes":""},"categories":[73,55],"tags":[],"class_list":["post-142312","post","type-post","status-publish","format-standard","hentry","category-actualite","category-tunisie"],"_links":{"self":[{"href":"https:\/\/linitiative.ca\/International\/wp-json\/wp\/v2\/posts\/142312","targetHints":{"allow":["GET"]}}],"collection":[{"href":"https:\/\/linitiative.ca\/International\/wp-json\/wp\/v2\/posts"}],"about":[{"href":"https:\/\/linitiative.ca\/International\/wp-json\/wp\/v2\/types\/post"}],"author":[{"embeddable":true,"href":"https:\/\/linitiative.ca\/International\/wp-json\/wp\/v2\/users\/1772"}],"replies":[{"embeddable":true,"href":"https:\/\/linitiative.ca\/International\/wp-json\/wp\/v2\/comments?post=142312"}],"version-history":[{"count":0,"href":"https:\/\/linitiative.ca\/International\/wp-json\/wp\/v2\/posts\/142312\/revisions"}],"wp:attachment":[{"href":"https:\/\/linitiative.ca\/International\/wp-json\/wp\/v2\/media?parent=142312"}],"wp:term":[{"taxonomy":"category","embeddable":true,"href":"https:\/\/linitiative.ca\/International\/wp-json\/wp\/v2\/categories?post=142312"},{"taxonomy":"post_tag","embeddable":true,"href":"https:\/\/linitiative.ca\/International\/wp-json\/wp\/v2\/tags?post=142312"}],"curies":[{"name":"wp","href":"https:\/\/api.w.org\/{rel}","templated":true}]}}