{"id":142318,"date":"2022-03-04T12:57:00","date_gmt":"2022-03-04T17:57:00","guid":{"rendered":"https:\/\/linitiative.ca\/International\/marouane-el-abassi-propose-le-lancement-dune-reflexion-avec-les-parties-prenantes-en-vue-de-construire-un-compte-satellite-pour-leconomie-culturelle-et-creative\/"},"modified":"2022-03-04T12:57:00","modified_gmt":"2022-03-04T17:57:00","slug":"marouane-el-abassi-propose-le-lancement-dune-reflexion-avec-les-parties-prenantes-en-vue-de-construire-un-compte-satellite-pour-leconomie-culturelle-et-creative","status":"publish","type":"post","link":"https:\/\/linitiative.ca\/International\/marouane-el-abassi-propose-le-lancement-dune-reflexion-avec-les-parties-prenantes-en-vue-de-construire-un-compte-satellite-pour-leconomie-culturelle-et-creative\/","title":{"rendered":"Marouane El Abassi propose le lancement d\u2019une r\u00e9flexion avec les parties prenantes en vue de construire un compte satellite pour l\u2019\u00e9conomie culturelle et cr\u00e9ative"},"content":{"rendered":"<div><img decoding=\"async\" src=\"https:\/\/linitiative.ca\/International\/wp-content\/uploads\/sites\/23\/2022\/03\/1646413886_article.jpg\" alt=\"Marouane El Abassi propose le lancement d\u2019une r\u00e9flexion avec les parties prenantes en vue de construire un compte satellite pour l\u2019\u00e9conomie culturelle et cr\u00e9ative\" align=\"left\">M. Marouane El Abassi, Gouverneur de la Banque Centrale de Tunisie (BCT) a ouvert, ce vendredi 04 mars, les travaux du Forum \u00abEntreprendre dans l\u2019\u00e9conomie cr\u00e9ative &#8211; Ba\u2019Der\u00bb, et ce, en pr\u00e9sence de Mme Hayet Guetat Guermazi, Ministre des Affaires culturelles et de M. Samir Saied, ministre de l&rsquo;\u00c9conomie et de la Planification.<br \/>\nA cette occasion M. El Abassi a estim\u00e9 que \u00able secteur de l\u2019\u00e9conomie culturelle et cr\u00e9ative qui repr\u00e9sente un levier de croissance important a \u00e9t\u00e9 durement mis \u00e0 l\u2019\u00e9preuve par les effets de la crise sanitaire et ce, avec des menaces s\u00e9rieuses sur le devenir des activit\u00e9s culturelles et artistiques, d\u2019autant qu\u2019il souffre d\u00e9j\u00e0 de &#8230;<\/p>\n<\/div>\n<p>Auteur:<br \/>\n<a href=\"https:\/\/www.leaders.com.tn\/article\/33045-marouane-el-abassi-propose-le-lancement-d-une-reflexion-avec-les-parties-prenantes-en-vue-de-construire-un-compte-satellite-pour-l-economie-culturelle-et-creative\">Cliquez ici pour lire l&rsquo;article depuis sa source.<\/a><\/p>\n","protected":false},"excerpt":{"rendered":"<p>M. Marouane El Abassi, Gouverneur de la Banque Centrale de Tunisie (BCT) a ouvert, ce vendredi 04 mars, les travaux du Forum \u00abEntreprendre dans l\u2019\u00e9conomie cr\u00e9ative &#8211; Ba\u2019Der\u00bb, et ce, en pr\u00e9sence de Mme Hayet Guetat Guermazi, Ministre des Affaires culturelles et de M. Samir Saied, ministre de l&rsquo;\u00c9conomie et de la Planification. A cette [&hellip;]<\/p>\n","protected":false},"author":1772,"featured_media":0,"comment_status":"closed","ping_status":"closed","sticky":false,"template":"","format":"standard","meta":{"fifu_image_url":"http:\/\/www.leaders.com.tn\/uploads\/content\/thumbnails_small\/1646413886_article.jpg","fifu_image_alt":"Marouane El Abassi propose le lancement d\u2019une r\u00e9flexion avec les parties prenantes en vue de construire un compte satellite pour l\u2019\u00e9conomie culturelle et cr\u00e9ative","footnotes":""},"categories":[73,55],"tags":[],"class_list":["post-142318","post","type-post","status-publish","format-standard","hentry","category-actualite","category-tunisie"],"_links":{"self":[{"href":"https:\/\/linitiative.ca\/International\/wp-json\/wp\/v2\/posts\/142318","targetHints":{"allow":["GET"]}}],"collection":[{"href":"https:\/\/linitiative.ca\/International\/wp-json\/wp\/v2\/posts"}],"about":[{"href":"https:\/\/linitiative.ca\/International\/wp-json\/wp\/v2\/types\/post"}],"author":[{"embeddable":true,"href":"https:\/\/linitiative.ca\/International\/wp-json\/wp\/v2\/users\/1772"}],"replies":[{"embeddable":true,"href":"https:\/\/linitiative.ca\/International\/wp-json\/wp\/v2\/comments?post=142318"}],"version-history":[{"count":0,"href":"https:\/\/linitiative.ca\/International\/wp-json\/wp\/v2\/posts\/142318\/revisions"}],"wp:attachment":[{"href":"https:\/\/linitiative.ca\/International\/wp-json\/wp\/v2\/media?parent=142318"}],"wp:term":[{"taxonomy":"category","embeddable":true,"href":"https:\/\/linitiative.ca\/International\/wp-json\/wp\/v2\/categories?post=142318"},{"taxonomy":"post_tag","embeddable":true,"href":"https:\/\/linitiative.ca\/International\/wp-json\/wp\/v2\/tags?post=142318"}],"curies":[{"name":"wp","href":"https:\/\/api.w.org\/{rel}","templated":true}]}}