{"id":142322,"date":"2022-03-04T06:38:07","date_gmt":"2022-03-04T11:38:07","guid":{"rendered":"https:\/\/linitiative.ca\/International\/ramadan-le-stock-et-les-quantites-des-denrees-alimentaires-suffisants-gouvernement\/"},"modified":"2022-03-04T06:38:07","modified_gmt":"2022-03-04T11:38:07","slug":"ramadan-le-stock-et-les-quantites-des-denrees-alimentaires-suffisants-gouvernement","status":"publish","type":"post","link":"https:\/\/linitiative.ca\/International\/ramadan-le-stock-et-les-quantites-des-denrees-alimentaires-suffisants-gouvernement\/","title":{"rendered":"Ramadan. Le stock et les quantit\u00e9s des denr\u00e9es alimentaires suffisants [Gouvernement]"},"content":{"rendered":"<div><img decoding=\"async\" width=\"700\" height=\"424\" src=\"https:\/\/linitiative.ca\/International\/wp-content\/uploads\/sites\/23\/2022\/03\/Ramadan-e1494504790827.jpg\" class=\"attachment-post-thumbnail size-post-thumbnail wp-post-image\" alt=\"\" loading=\"lazy\" srcset=\"https:\/\/linitiative.ca\/International\/wp-content\/uploads\/sites\/23\/2022\/03\/Ramadan-e1494504790827.jpg 700w, https:\/\/www.challenge.ma\/wp-content\/uploads\/2017\/05\/Ramadan-e1494504790827-300x182.jpg 300w, https:\/\/www.challenge.ma\/wp-content\/uploads\/2017\/05\/Ramadan-e1494504790827-360x218.jpg 360w\" sizes=\"auto, (max-width: 700px) 100vw, 700px\" itemprop=\"image\">A l\u2019approche du mois sacr\u00e9 de Ramadan, le gouvernement rassure\u00a0les Marocains. L\u2019Ex\u00e9cutif assure ainsi que le stock et les quantit\u00e9s des denr\u00e9es alimentaires et autres produits de base sont suffisants pour r\u00e9pondre \u00e0 la demande pendant le Ramadan et les mois suivants.Le minist\u00e8re de l\u2019Int\u00e9rieur a r\u00e9cemment fait le point<\/div>\n<p>Auteur: challenge<br \/>\n<a href=\"https:\/\/www.challenge.ma\/ramadan-le-stock-et-les-quantites-des-denrees-alimentaires-suffisants-gouvernement-233720\/\">Cliquez ici pour lire l&rsquo;article depuis sa source.<\/a><\/p>\n","protected":false},"excerpt":{"rendered":"<p>A l\u2019approche du mois sacr\u00e9 de Ramadan, le gouvernement rassure\u00a0les Marocains. L\u2019Ex\u00e9cutif assure ainsi que le stock et les quantit\u00e9s des denr\u00e9es alimentaires et autres produits de base sont suffisants pour r\u00e9pondre \u00e0 la demande pendant le Ramadan et les mois suivants.Le minist\u00e8re de l\u2019Int\u00e9rieur a r\u00e9cemment fait le point Auteur: challenge Cliquez ici pour [&hellip;]<\/p>\n","protected":false},"author":1787,"featured_media":0,"comment_status":"closed","ping_status":"closed","sticky":false,"template":"","format":"standard","meta":{"fifu_image_url":"https:\/\/www.challenge.ma\/wp-content\/uploads\/2017\/05\/Ramadan-e1494504790827.jpg","fifu_image_alt":"Ramadan. Le stock et les quantit\u00e9s des denr\u00e9es alimentaires suffisants [Gouvernement]","footnotes":""},"categories":[78,54],"tags":[],"class_list":["post-142322","post","type-post","status-publish","format-standard","hentry","category-economie","category-maroc"],"_links":{"self":[{"href":"https:\/\/linitiative.ca\/International\/wp-json\/wp\/v2\/posts\/142322","targetHints":{"allow":["GET"]}}],"collection":[{"href":"https:\/\/linitiative.ca\/International\/wp-json\/wp\/v2\/posts"}],"about":[{"href":"https:\/\/linitiative.ca\/International\/wp-json\/wp\/v2\/types\/post"}],"author":[{"embeddable":true,"href":"https:\/\/linitiative.ca\/International\/wp-json\/wp\/v2\/users\/1787"}],"replies":[{"embeddable":true,"href":"https:\/\/linitiative.ca\/International\/wp-json\/wp\/v2\/comments?post=142322"}],"version-history":[{"count":0,"href":"https:\/\/linitiative.ca\/International\/wp-json\/wp\/v2\/posts\/142322\/revisions"}],"wp:attachment":[{"href":"https:\/\/linitiative.ca\/International\/wp-json\/wp\/v2\/media?parent=142322"}],"wp:term":[{"taxonomy":"category","embeddable":true,"href":"https:\/\/linitiative.ca\/International\/wp-json\/wp\/v2\/categories?post=142322"},{"taxonomy":"post_tag","embeddable":true,"href":"https:\/\/linitiative.ca\/International\/wp-json\/wp\/v2\/tags?post=142322"}],"curies":[{"name":"wp","href":"https:\/\/api.w.org\/{rel}","templated":true}]}}