{"id":142332,"date":"2022-03-04T16:05:37","date_gmt":"2022-03-04T21:05:37","guid":{"rendered":"https:\/\/linitiative.ca\/International\/tunisie-15-ans-de-prison-pour-une-sexagenaire-pour-trafic-de-cocaine-entre-le-maroc-et-la-tunisie\/"},"modified":"2022-03-04T16:05:37","modified_gmt":"2022-03-04T21:05:37","slug":"tunisie-15-ans-de-prison-pour-une-sexagenaire-pour-trafic-de-cocaine-entre-le-maroc-et-la-tunisie","status":"publish","type":"post","link":"https:\/\/linitiative.ca\/International\/tunisie-15-ans-de-prison-pour-une-sexagenaire-pour-trafic-de-cocaine-entre-le-maroc-et-la-tunisie\/","title":{"rendered":"Tunisie \u2013 15 ans de prison pour une sexag\u00e9naire pour trafic de coca\u00efne entre le Maroc et la Tunisie"},"content":{"rendered":"<div>\n<p>Le tribunal de premi\u00e8re instance de Tunis a rendu son verdict dans l\u2019affaire d\u2019une dame de 62 ans, qui a \u00e9t\u00e9 condamn\u00e9e \u00e0 15 ans de prison ferme, pour trafic de coca\u00efne, entre le Maroc et la Tunisie. La dame en question avait \u00e9t\u00e9 appr\u00e9hend\u00e9e \u00e0 l\u2019a\u00e9roport de Tunis Carthage, en avril 2021, avec dans [\u2026]<\/p>\n<p>L\u2019article <a href=\"https:\/\/www.tunisienumerique.com\/tunisie-15-ans-de-prison-pour-une-sexagenaire-pour-trafic-de-cocaine-entre-le-maroc-et-la-tunisie\/\">Tunisie \u2013 15 ans de prison pour une sexag\u00e9naire pour trafic de coca\u00efne entre le Maroc et la Tunisie<\/a> est apparu en premier sur <a href=\"https:\/\/www.tunisienumerique.com\/\">Tunisie<\/a>.<\/p>\n<\/div>\n<p>Auteur: LM<br \/>\n<a href=\"https:\/\/www.tunisienumerique.com\/tunisie-15-ans-de-prison-pour-une-sexagenaire-pour-trafic-de-cocaine-entre-le-maroc-et-la-tunisie\/\">Cliquez ici pour lire l&rsquo;article depuis sa source.<\/a><\/p>\n","protected":false},"excerpt":{"rendered":"<p>Le tribunal de premi\u00e8re instance de Tunis a rendu son verdict dans l\u2019affaire d\u2019une dame de 62 ans, qui a \u00e9t\u00e9 condamn\u00e9e \u00e0 15 ans de prison ferme, pour trafic de coca\u00efne, entre le Maroc et la Tunisie. La dame en question avait \u00e9t\u00e9 appr\u00e9hend\u00e9e \u00e0 l\u2019a\u00e9roport de Tunis Carthage, en avril 2021, avec dans [&hellip;]<\/p>\n","protected":false},"author":1789,"featured_media":0,"comment_status":"closed","ping_status":"closed","sticky":false,"template":"","format":"standard","meta":{"fifu_image_url":"","fifu_image_alt":"","footnotes":""},"categories":[73,55],"tags":[],"class_list":["post-142332","post","type-post","status-publish","format-standard","hentry","category-actualite","category-tunisie"],"_links":{"self":[{"href":"https:\/\/linitiative.ca\/International\/wp-json\/wp\/v2\/posts\/142332","targetHints":{"allow":["GET"]}}],"collection":[{"href":"https:\/\/linitiative.ca\/International\/wp-json\/wp\/v2\/posts"}],"about":[{"href":"https:\/\/linitiative.ca\/International\/wp-json\/wp\/v2\/types\/post"}],"author":[{"embeddable":true,"href":"https:\/\/linitiative.ca\/International\/wp-json\/wp\/v2\/users\/1789"}],"replies":[{"embeddable":true,"href":"https:\/\/linitiative.ca\/International\/wp-json\/wp\/v2\/comments?post=142332"}],"version-history":[{"count":0,"href":"https:\/\/linitiative.ca\/International\/wp-json\/wp\/v2\/posts\/142332\/revisions"}],"wp:attachment":[{"href":"https:\/\/linitiative.ca\/International\/wp-json\/wp\/v2\/media?parent=142332"}],"wp:term":[{"taxonomy":"category","embeddable":true,"href":"https:\/\/linitiative.ca\/International\/wp-json\/wp\/v2\/categories?post=142332"},{"taxonomy":"post_tag","embeddable":true,"href":"https:\/\/linitiative.ca\/International\/wp-json\/wp\/v2\/tags?post=142332"}],"curies":[{"name":"wp","href":"https:\/\/api.w.org\/{rel}","templated":true}]}}