{"id":142333,"date":"2022-03-04T16:16:39","date_gmt":"2022-03-04T21:16:39","guid":{"rendered":"https:\/\/linitiative.ca\/International\/lotan-refuse-de-simpliquer-directement-avec-lukraine-dans-sa-guerre\/"},"modified":"2022-03-04T16:16:39","modified_gmt":"2022-03-04T21:16:39","slug":"lotan-refuse-de-simpliquer-directement-avec-lukraine-dans-sa-guerre","status":"publish","type":"post","link":"https:\/\/linitiative.ca\/International\/lotan-refuse-de-simpliquer-directement-avec-lukraine-dans-sa-guerre\/","title":{"rendered":"L\u2019OTAN refuse de s\u2019impliquer directement avec l\u2019Ukraine dans sa guerre"},"content":{"rendered":"<div>\n<p>Le secr\u00e9taire g\u00e9n\u00e9ral de l\u2019OTAN a annonc\u00e9 ce vendredi que l\u2019organisation a donn\u00e9 une fin de non recevoir \u00e0 la demande expresse de Kiev, pour instaurer une zone d\u2019interdiction de survol, sur le sol ukrainien, dans une tentative de stopper les bombardements de l\u2019aviation russe. L\u2019OTAN a assur\u00e9 qu\u2019il ne pouvait pas se permettre d\u2019intervenir [\u2026]<\/p>\n<p>L\u2019article <a href=\"https:\/\/www.tunisienumerique.com\/lotan-refuse-de-simpliquer-directement-avec-lukraine-dans-sa-guerre\/\">L\u2019OTAN refuse de s\u2019impliquer directement avec l\u2019Ukraine dans sa guerre<\/a> est apparu en premier sur <a href=\"https:\/\/www.tunisienumerique.com\/\">Tunisie<\/a>.<\/p>\n<\/div>\n<p>Auteur: LM<br \/>\n<a href=\"https:\/\/www.tunisienumerique.com\/lotan-refuse-de-simpliquer-directement-avec-lukraine-dans-sa-guerre\/\">Cliquez ici pour lire l&rsquo;article depuis sa source.<\/a><\/p>\n","protected":false},"excerpt":{"rendered":"<p>Le secr\u00e9taire g\u00e9n\u00e9ral de l\u2019OTAN a annonc\u00e9 ce vendredi que l\u2019organisation a donn\u00e9 une fin de non recevoir \u00e0 la demande expresse de Kiev, pour instaurer une zone d\u2019interdiction de survol, sur le sol ukrainien, dans une tentative de stopper les bombardements de l\u2019aviation russe. L\u2019OTAN a assur\u00e9 qu\u2019il ne pouvait pas se permettre d\u2019intervenir [&hellip;]<\/p>\n","protected":false},"author":1789,"featured_media":0,"comment_status":"closed","ping_status":"closed","sticky":false,"template":"","format":"standard","meta":{"fifu_image_url":"","fifu_image_alt":"","footnotes":""},"categories":[73,55],"tags":[],"class_list":["post-142333","post","type-post","status-publish","format-standard","hentry","category-actualite","category-tunisie"],"_links":{"self":[{"href":"https:\/\/linitiative.ca\/International\/wp-json\/wp\/v2\/posts\/142333","targetHints":{"allow":["GET"]}}],"collection":[{"href":"https:\/\/linitiative.ca\/International\/wp-json\/wp\/v2\/posts"}],"about":[{"href":"https:\/\/linitiative.ca\/International\/wp-json\/wp\/v2\/types\/post"}],"author":[{"embeddable":true,"href":"https:\/\/linitiative.ca\/International\/wp-json\/wp\/v2\/users\/1789"}],"replies":[{"embeddable":true,"href":"https:\/\/linitiative.ca\/International\/wp-json\/wp\/v2\/comments?post=142333"}],"version-history":[{"count":0,"href":"https:\/\/linitiative.ca\/International\/wp-json\/wp\/v2\/posts\/142333\/revisions"}],"wp:attachment":[{"href":"https:\/\/linitiative.ca\/International\/wp-json\/wp\/v2\/media?parent=142333"}],"wp:term":[{"taxonomy":"category","embeddable":true,"href":"https:\/\/linitiative.ca\/International\/wp-json\/wp\/v2\/categories?post=142333"},{"taxonomy":"post_tag","embeddable":true,"href":"https:\/\/linitiative.ca\/International\/wp-json\/wp\/v2\/tags?post=142333"}],"curies":[{"name":"wp","href":"https:\/\/api.w.org\/{rel}","templated":true}]}}