{"id":142334,"date":"2022-03-04T16:29:22","date_gmt":"2022-03-04T21:29:22","guid":{"rendered":"https:\/\/linitiative.ca\/International\/tunisie-la-speculation-nest-pas-la-seule-cause-des-penuries-et-des-hausses-de-prix\/"},"modified":"2022-03-04T16:29:22","modified_gmt":"2022-03-04T21:29:22","slug":"tunisie-la-speculation-nest-pas-la-seule-cause-des-penuries-et-des-hausses-de-prix","status":"publish","type":"post","link":"https:\/\/linitiative.ca\/International\/tunisie-la-speculation-nest-pas-la-seule-cause-des-penuries-et-des-hausses-de-prix\/","title":{"rendered":"Tunisie \u2013 La sp\u00e9culation n\u2019est pas la seule cause des p\u00e9nuries et des hausses de prix\u00a0!"},"content":{"rendered":"<div>\n<p>L\u2019ex-ministre du commerce, Mohsen Hassan, a assur\u00e9, ce vendredi, au micro d\u2019une radio priv\u00e9e que la sp\u00e9culation et la contrebande ne sont pas les seules causes de la p\u00e9nurie de certains produits de consommation et de la hausse des prix. Il a ajout\u00e9 que soit les conseillers du pr\u00e9sident de la R\u00e9publique lui cachent les [\u2026]<\/p>\n<p>L\u2019article <a href=\"https:\/\/www.tunisienumerique.com\/tunisie-la-speculation-nest-pas-la-seule-cause-des-penuries-et-des-hausses-de-prix\/\">Tunisie \u2013 La sp\u00e9culation n\u2019est pas la seule cause des p\u00e9nuries et des hausses de prix\u00a0!<\/a> est apparu en premier sur <a href=\"https:\/\/www.tunisienumerique.com\/\">Tunisie<\/a>.<\/p>\n<\/div>\n<p>Auteur: LM<br \/>\n<a href=\"https:\/\/www.tunisienumerique.com\/tunisie-la-speculation-nest-pas-la-seule-cause-des-penuries-et-des-hausses-de-prix\/\">Cliquez ici pour lire l&rsquo;article depuis sa source.<\/a><\/p>\n","protected":false},"excerpt":{"rendered":"<p>L\u2019ex-ministre du commerce, Mohsen Hassan, a assur\u00e9, ce vendredi, au micro d\u2019une radio priv\u00e9e que la sp\u00e9culation et la contrebande ne sont pas les seules causes de la p\u00e9nurie de certains produits de consommation et de la hausse des prix. Il a ajout\u00e9 que soit les conseillers du pr\u00e9sident de la R\u00e9publique lui cachent les [&hellip;]<\/p>\n","protected":false},"author":1789,"featured_media":0,"comment_status":"closed","ping_status":"closed","sticky":false,"template":"","format":"standard","meta":{"fifu_image_url":"","fifu_image_alt":"","footnotes":""},"categories":[73,55],"tags":[],"class_list":["post-142334","post","type-post","status-publish","format-standard","hentry","category-actualite","category-tunisie"],"_links":{"self":[{"href":"https:\/\/linitiative.ca\/International\/wp-json\/wp\/v2\/posts\/142334","targetHints":{"allow":["GET"]}}],"collection":[{"href":"https:\/\/linitiative.ca\/International\/wp-json\/wp\/v2\/posts"}],"about":[{"href":"https:\/\/linitiative.ca\/International\/wp-json\/wp\/v2\/types\/post"}],"author":[{"embeddable":true,"href":"https:\/\/linitiative.ca\/International\/wp-json\/wp\/v2\/users\/1789"}],"replies":[{"embeddable":true,"href":"https:\/\/linitiative.ca\/International\/wp-json\/wp\/v2\/comments?post=142334"}],"version-history":[{"count":0,"href":"https:\/\/linitiative.ca\/International\/wp-json\/wp\/v2\/posts\/142334\/revisions"}],"wp:attachment":[{"href":"https:\/\/linitiative.ca\/International\/wp-json\/wp\/v2\/media?parent=142334"}],"wp:term":[{"taxonomy":"category","embeddable":true,"href":"https:\/\/linitiative.ca\/International\/wp-json\/wp\/v2\/categories?post=142334"},{"taxonomy":"post_tag","embeddable":true,"href":"https:\/\/linitiative.ca\/International\/wp-json\/wp\/v2\/tags?post=142334"}],"curies":[{"name":"wp","href":"https:\/\/api.w.org\/{rel}","templated":true}]}}