{"id":142336,"date":"2022-03-04T07:38:37","date_gmt":"2022-03-04T12:38:37","guid":{"rendered":"https:\/\/linitiative.ca\/International\/senegal-lambassade-dukraine-recrute-des-senegalais-pour-combattre-la-russie\/"},"modified":"2022-03-04T07:38:37","modified_gmt":"2022-03-04T12:38:37","slug":"senegal-lambassade-dukraine-recrute-des-senegalais-pour-combattre-la-russie","status":"publish","type":"post","link":"https:\/\/linitiative.ca\/International\/senegal-lambassade-dukraine-recrute-des-senegalais-pour-combattre-la-russie\/","title":{"rendered":"S\u00e9n\u00e9gal\u00a0: l\u2019ambassade d\u2019Ukraine recrute des S\u00e9n\u00e9galais pour combattre la Russie"},"content":{"rendered":"<div>\n<p>Les autorit\u00e9s s\u00e9n\u00e9galaises sont actuellement furieuses contre l\u2019ambassade d\u2019Ukraine qui a lanc\u00e9 un recrutement des S\u00e9n\u00e9galais pour combattre contre l\u2019arm\u00e9e russe en Ukraine. Pour le moment, 36 candidats volontaires ont \u00e9t\u00e9 recens\u00e9s, selon le minist\u00e8re des Affaires \u00e9trang\u00e8res et des S\u00e9n\u00e9galais de l\u2019Ext\u00e9rieur, cit\u00e9 par le m\u00e9dia senenews.<\/p>\n<p>Au nom du Gouvernement de la R\u00e9publique du S\u00e9n\u00e9gal, le minist\u00e8re a officiellement fait savoir son m\u00e9contentement, \u00e0 travers une note verbale de protestation condamnant fermement cette pratique qui constitue une violation flagrante de la Convention de Vienne sur les relations diplomatiques, notamment en ce qui concerne l\u2019obligation de respect des lois et r\u00e8glements de l\u2019\u00c9tat accr\u00e9ditaire. Le minist\u00e8re a exig\u00e9 l\u2019arr\u00eat de cette proc\u00e9dure d\u2019enr\u00f4lement de personnes de nationalit\u00e9 s\u00e9n\u00e9galaise ou \u00e9trang\u00e8re, \u00e0 partir du territoire s\u00e9n\u00e9galais.<\/p>\n<p>Il a \u00e9galement rappel\u00e9 que\u00a0<em>\u00ab\u00a0le recrutement de volontaires, mercenaires ou combattants \u00e9trangers sur le territoire s\u00e9n\u00e9galais est ill\u00e9gal et passible des peines pr\u00e9vues par la loi<\/em>\u00a0\u00bb.<\/p>\n<p>AK<\/p>\n<p>L\u2019article <a rel=\"nofollow\" href=\"https:\/\/www.sidwaya.info\/blog\/2022\/03\/04\/senegal-lambassade-dukraine-recrute-des-senegalais-pour-combattre-la-russie\/\">S\u00e9n\u00e9gal\u00a0: l\u2019ambassade d\u2019Ukraine recrute des S\u00e9n\u00e9galais pour combattre la Russie<\/a> est apparu en premier sur <a rel=\"nofollow\" href=\"https:\/\/www.sidwaya.info\/\">Quotidien Sidwaya<\/a>.<\/p>\n<\/div>\n<p>Auteur: BANGRE SIDWAYA<br \/>\n<a href=\"https:\/\/www.sidwaya.info\/blog\/2022\/03\/04\/senegal-lambassade-dukraine-recrute-des-senegalais-pour-combattre-la-russie\/?utm_source=rss&#038;utm_medium=rss&#038;utm_campaign=senegal-lambassade-dukraine-recrute-des-senegalais-pour-combattre-la-russie\">Cliquez ici pour lire l&rsquo;article depuis sa source.<\/a><\/p>\n","protected":false},"excerpt":{"rendered":"<p>Les autorit\u00e9s s\u00e9n\u00e9galaises sont actuellement furieuses contre l\u2019ambassade d\u2019Ukraine qui a lanc\u00e9 un recrutement des S\u00e9n\u00e9galais pour combattre contre l\u2019arm\u00e9e russe en Ukraine. Pour le moment, 36 candidats volontaires ont \u00e9t\u00e9 recens\u00e9s, selon le minist\u00e8re des Affaires \u00e9trang\u00e8res et des S\u00e9n\u00e9galais de l\u2019Ext\u00e9rieur, cit\u00e9 par le m\u00e9dia senenews. Au nom du Gouvernement de la R\u00e9publique [&hellip;]<\/p>\n","protected":false},"author":1816,"featured_media":0,"comment_status":"closed","ping_status":"closed","sticky":false,"template":"","format":"standard","meta":{"fifu_image_url":"","fifu_image_alt":"","footnotes":""},"categories":[73,81],"tags":[],"class_list":["post-142336","post","type-post","status-publish","format-standard","hentry","category-actualite","category-burkina-faso"],"_links":{"self":[{"href":"https:\/\/linitiative.ca\/International\/wp-json\/wp\/v2\/posts\/142336","targetHints":{"allow":["GET"]}}],"collection":[{"href":"https:\/\/linitiative.ca\/International\/wp-json\/wp\/v2\/posts"}],"about":[{"href":"https:\/\/linitiative.ca\/International\/wp-json\/wp\/v2\/types\/post"}],"author":[{"embeddable":true,"href":"https:\/\/linitiative.ca\/International\/wp-json\/wp\/v2\/users\/1816"}],"replies":[{"embeddable":true,"href":"https:\/\/linitiative.ca\/International\/wp-json\/wp\/v2\/comments?post=142336"}],"version-history":[{"count":0,"href":"https:\/\/linitiative.ca\/International\/wp-json\/wp\/v2\/posts\/142336\/revisions"}],"wp:attachment":[{"href":"https:\/\/linitiative.ca\/International\/wp-json\/wp\/v2\/media?parent=142336"}],"wp:term":[{"taxonomy":"category","embeddable":true,"href":"https:\/\/linitiative.ca\/International\/wp-json\/wp\/v2\/categories?post=142336"},{"taxonomy":"post_tag","embeddable":true,"href":"https:\/\/linitiative.ca\/International\/wp-json\/wp\/v2\/tags?post=142336"}],"curies":[{"name":"wp","href":"https:\/\/api.w.org\/{rel}","templated":true}]}}