{"id":142337,"date":"2022-03-04T08:58:05","date_gmt":"2022-03-04T13:58:05","guid":{"rendered":"https:\/\/linitiative.ca\/International\/le-commissaire-central-de-bobo-aux-arrets\/"},"modified":"2022-03-04T08:58:05","modified_gmt":"2022-03-04T13:58:05","slug":"le-commissaire-central-de-bobo-aux-arrets","status":"publish","type":"post","link":"https:\/\/linitiative.ca\/International\/le-commissaire-central-de-bobo-aux-arrets\/","title":{"rendered":"Le commissaire central de Bobo aux arr\u00eats"},"content":{"rendered":"<div>\n<p>Convoqu\u00e9 le 23 f\u00e9vrier dernier par le procureur du Faso dans le cadre d\u2019une \u00a0proc\u00e9dure judiciaire, le commissaire central de police de la ville de Bobo-Dioulasso, Karim Dao, selon une source polici\u00e8re, avait pu \u00e9chapper \u00e0 une arrestation alors que le minist\u00e8re public, apr\u00e8s audition, avait d\u00e9cid\u00e9 de le garder \u00e0 vue. Finalement, c\u2019est dans la soir\u00e9e du jeudi 3 mars 2022 (aux environs de 21 heures), que le commissaire Dao a \u00e9t\u00e9 d\u00e9pos\u00e9 \u00e0 la Maison d\u2019arr\u00eat et de correction de Bobo-Dioulasso, selon une source s\u00e9curitaire. Interrog\u00e9e sur les raisons de cette arrestation, la source laisse entendre, qu\u2019il s\u2019agirait d\u2019un conflit d\u2019int\u00e9r\u00eat entre le procureur et le commissaire central. Pourtant, d\u2019autres indiscr\u00e9tions laissent croire que le procureur du Faso pr\u00e8s le Tribunal de grande instance de Bobo-Dioulasso reproche au patron du commissariat de police de la cit\u00e9 de Sya d\u2019\u00eatre de connivence avec des bandits de grand chemin.<\/p>\n<p><strong>K.F.<\/strong><\/p>\n<p>L\u2019article <a rel=\"nofollow\" href=\"https:\/\/www.sidwaya.info\/blog\/2022\/03\/04\/le-commissaire-central-de-bobo-aux-arrets\/\">Le commissaire central de Bobo aux arr\u00eats<\/a> est apparu en premier sur <a rel=\"nofollow\" href=\"https:\/\/www.sidwaya.info\/\">Quotidien Sidwaya<\/a>.<\/p>\n<\/div>\n<p>Auteur: BS. Sidwaya<br \/>\n<a href=\"https:\/\/www.sidwaya.info\/blog\/2022\/03\/04\/le-commissaire-central-de-bobo-aux-arrets\/?utm_source=rss&#038;utm_medium=rss&#038;utm_campaign=le-commissaire-central-de-bobo-aux-arrets\">Cliquez ici pour lire l&rsquo;article depuis sa source.<\/a><\/p>\n","protected":false},"excerpt":{"rendered":"<p>Convoqu\u00e9 le 23 f\u00e9vrier dernier par le procureur du Faso dans le cadre d\u2019une \u00a0proc\u00e9dure judiciaire, le commissaire central de police de la ville de Bobo-Dioulasso, Karim Dao, selon une source polici\u00e8re, avait pu \u00e9chapper \u00e0 une arrestation alors que le minist\u00e8re public, apr\u00e8s audition, avait d\u00e9cid\u00e9 de le garder \u00e0 vue. Finalement, c\u2019est dans [&hellip;]<\/p>\n","protected":false},"author":1816,"featured_media":0,"comment_status":"closed","ping_status":"closed","sticky":false,"template":"","format":"standard","meta":{"fifu_image_url":"","fifu_image_alt":"","footnotes":""},"categories":[73,81],"tags":[],"class_list":["post-142337","post","type-post","status-publish","format-standard","hentry","category-actualite","category-burkina-faso"],"_links":{"self":[{"href":"https:\/\/linitiative.ca\/International\/wp-json\/wp\/v2\/posts\/142337","targetHints":{"allow":["GET"]}}],"collection":[{"href":"https:\/\/linitiative.ca\/International\/wp-json\/wp\/v2\/posts"}],"about":[{"href":"https:\/\/linitiative.ca\/International\/wp-json\/wp\/v2\/types\/post"}],"author":[{"embeddable":true,"href":"https:\/\/linitiative.ca\/International\/wp-json\/wp\/v2\/users\/1816"}],"replies":[{"embeddable":true,"href":"https:\/\/linitiative.ca\/International\/wp-json\/wp\/v2\/comments?post=142337"}],"version-history":[{"count":0,"href":"https:\/\/linitiative.ca\/International\/wp-json\/wp\/v2\/posts\/142337\/revisions"}],"wp:attachment":[{"href":"https:\/\/linitiative.ca\/International\/wp-json\/wp\/v2\/media?parent=142337"}],"wp:term":[{"taxonomy":"category","embeddable":true,"href":"https:\/\/linitiative.ca\/International\/wp-json\/wp\/v2\/categories?post=142337"},{"taxonomy":"post_tag","embeddable":true,"href":"https:\/\/linitiative.ca\/International\/wp-json\/wp\/v2\/tags?post=142337"}],"curies":[{"name":"wp","href":"https:\/\/api.w.org\/{rel}","templated":true}]}}