{"id":142339,"date":"2022-03-04T10:06:34","date_gmt":"2022-03-04T15:06:34","guid":{"rendered":"https:\/\/linitiative.ca\/International\/secteur-de-la-publicite-les-dysfonctionnements-portent-essentiellement-sur-le-non-respect-des-textes-aicha-dabre-presidente-de-publicitaires-associes\/"},"modified":"2022-03-04T10:06:34","modified_gmt":"2022-03-04T15:06:34","slug":"secteur-de-la-publicite-les-dysfonctionnements-portent-essentiellement-sur-le-non-respect-des-textes-aicha-dabre-presidente-de-publicitaires-associes","status":"publish","type":"post","link":"https:\/\/linitiative.ca\/International\/secteur-de-la-publicite-les-dysfonctionnements-portent-essentiellement-sur-le-non-respect-des-textes-aicha-dabre-presidente-de-publicitaires-associes\/","title":{"rendered":"Secteur de la publicit\u00e9 : \u00ab\u00a0Les dysfonctionnements portent essentiellement sur le non-respect des textes \u00bb, A\u00efcha Dabr\u00e9, pr\u00e9sidente de Publicitaires Associ\u00e9s"},"content":{"rendered":"<div>\n<p><strong>La publicit\u00e9 est un secteur-cl\u00e9 de l\u2019\u00e9conomie nationale. Malheureusement, elle est marqu\u00e9e, entre autres, par l\u2019anarchie, le non-respect <\/strong><strong>de la loi 080-2 15\/CNT et son d\u00e9cret d\u2019application du 12 juin 2017. Dans cette interview accord\u00e9e par la pr\u00e9sidente de Publicitaires Associ\u00e9s (PA), A\u00efcha Dabr\u00e9, il est question des dysfonctionnements dans le secteur, des rapports de cette grande association de publicit\u00e9 avec la commune de Ouagadougou et des missions qui lui sont d\u00e9volues dans le d\u00e9veloppement \u00e9conomique du Burkina Faso.<\/strong><\/p>\n<figure id=\"attachment_46396\" aria-describedby=\"caption-attachment-46396\" style=\"width: 389px\" class=\"wp-caption aligncenter\"><img loading=\"lazy\" decoding=\"async\" class=\"wp-image-46396\" src=\"https:\/\/linitiative.ca\/International\/wp-content\/uploads\/sites\/23\/2022\/03\/1-23-225x300-1.jpg\" alt=\"\" width=\"389\" height=\"519\" srcset=\"https:\/\/linitiative.ca\/International\/wp-content\/uploads\/sites\/23\/2022\/03\/1-23-225x300-1.jpg 225w, https:\/\/www.sidwaya.info\/wp-content\/uploads\/2022\/03\/1-23-150x200.jpg 150w, https:\/\/www.sidwaya.info\/wp-content\/uploads\/2022\/03\/1-23-300x400.jpg 300w, https:\/\/www.sidwaya.info\/wp-content\/uploads\/2022\/03\/1-23-696x928.jpg 696w, https:\/\/www.sidwaya.info\/wp-content\/uploads\/2022\/03\/1-23-315x420.jpg 315w, https:\/\/www.sidwaya.info\/wp-content\/uploads\/2022\/03\/1-23.jpg 700w\" sizes=\"auto, (max-width: 389px) 100vw, 389px\"><figcaption id=\"caption-attachment-46396\" class=\"wp-caption-text\">La pr\u00e9sidente de PA, A\u00efcha Dabr\u00e9 : \u00ab Je mentirais si je vous disais que tout est idyllique dans la collaboration entre les entreprises de publicit\u00e9 et la commune de Ouagadougou \u00bb.<\/figcaption><\/figure>\n<p><strong>Sidwaya (S)\u00a0: <em>Pouvez-vous nous pr\u00e9senter votre association Publicitaires Associ\u00e9s\u00a0?<\/em><\/strong><\/p>\n<p><strong>A\u00efcha Dabr\u00e9 (A.D.)\u00a0:<\/strong> Publicitaires Associ\u00e9s (PA) est l\u2019association professionnelle des entreprises de communication du Burkina Faso cr\u00e9\u00e9e en 2007. Elle regroupe les acteurs des quatre professions publicitaires d\u00e9finies par la loi n\u00b0080-2015\/CNT portant r\u00e9glementation de la publicit\u00e9 au Burkina Faso, notamment les agences-conseils en publicit\u00e9, les r\u00e9gies publicitaires, les \u00e9diteurs publicitaires et les courtiers en publicit\u00e9.<\/p>\n<p><strong>S\u00a0: <em>Combien de membres compte-t-elle ?<\/em><\/strong><\/p>\n<p><strong>D.\u00a0: <\/strong>A ce jour, l\u2019association compte 75 membres.<\/p>\n<p><strong>S\u00a0: <em>Qu\u2019est-ce qui a milit\u00e9 \u00e0 sa cr\u00e9ation ?<\/em><\/strong><\/p>\n<p><strong>D.\u00a0: <\/strong>Publicitaires Associ\u00e9s est n\u00e9e essentiellement d\u2019un besoin de promouvoir une saine pratique des m\u00e9tiers de la communication et de la publicit\u00e9, dans le but de garantir \u00e0 la fois et au mieux les int\u00e9r\u00eats des consommateurs, des annonceurs et des acteurs eux-m\u00eames.<\/p>\n<p><strong>\u00a0<\/strong><\/p>\n<p><strong>S\u00a0: <em>Quelles sont ses missions ?<\/em><\/strong><\/p>\n<p><strong>D.\u00a0: <\/strong>Publicitaires Associ\u00e9s s\u2019est donn\u00e9 pour missions statutaires de\u00a0veiller aux int\u00e9r\u00eats de ses membres, des annonceurs et des consommateurs et au respect des lois portant r\u00e8glement de la publicit\u00e9 au Burkina Faso. L\u2019association sensibilise aussi aux m\u00e9tiers de la communication et de la publicit\u00e9\u00a0et permet \u00e0 ses membres de fournir \u00e0 leurs clients, un service comp\u00e9tent, efficace, loyal et responsable.<\/p>\n<p><strong>S\u00a0:<\/strong> <strong><em>Quels sont vos domaines d\u2019intervention ?<\/em><\/strong><\/p>\n<p><strong>D.\u00a0: <\/strong>Nous intervenons notamment dans la sensibilisation des publicitaires, des annonceurs, des m\u00e9dias et consommateurs au respect des textes en vigueur et \u00e0 l\u2019interpellation en cas de non-respect de ces textes. Evidemment, nous nous imposons le devoir d\u2019\u00eatre pr\u00e9sents pour soutenir nos membres en cas de difficult\u00e9s.<\/p>\n<p>\u00a0<\/p>\n<p><strong>S\u00a0: <em>Est-ce que tous les publicitaires se reconnaissent dans Publicitaires Associ\u00e9s (PA) ?<\/em><\/strong><\/p>\n<p><strong>D.\u00a0: <\/strong>Non, malheureusement. Publicitaires Associ\u00e9s est une association. En tant que telle, l\u2019adh\u00e9sion ou non \u00e0 l\u2019esprit de rassemblement pour mieux d\u00e9fendre ensemble les int\u00e9r\u00eats de la profession est libre et volontaire. Toutefois, notre souhait est d\u2019avoir tous les publicitaires dans cette structure. Nous travaillons activement \u00e0 la mobilisation de tous les acteurs du secteur.<\/p>\n<p><strong>S\u00a0: <em>Il y a des dysfonctionnements dans le secteur de la publicit\u00e9 au Burkina Faso notamment avec l\u2019existence de publicitaires ill\u00e9gaux. Pouvez-vous nous en expliquer ?<\/em><\/strong><\/p>\n<p><strong>D.\u00a0: <\/strong>Les dysfonctionnements que nous n\u2019avons de cesse de d\u00e9noncer portent essentiellement sur le non-respect des textes, notamment la loi 080-2 15\/CNT vot\u00e9e et promulgu\u00e9e sous la Transition, ainsi que son d\u00e9cret d\u2019application sign\u00e9 le 12 juin 2017. Dans son ensemble, cette loi repr\u00e9sente une avanc\u00e9e significative, en termes de structuration du secteur de la communication et de la publicit\u00e9\u00a0; en termes de d\u00e9fense des droits des consommateurs et en termes de d\u00e9fense des int\u00e9r\u00eats des soci\u00e9t\u00e9s de communication au Burkina Faso.<\/p>\n<p><strong>S\u00a0: <em>Qu\u2019en-est-il pour la ville de Ouagadougou ?<\/em><\/strong><\/p>\n<p><strong>D.\u00a0: <\/strong>Avant toute chose, je dois dire que la ville de Ouagadougou est un partenaire essentiel et incontournable pour Publicitaires Associ\u00e9s dans le combat que nous menons. Le domaine communal constitue en effet un espace tr\u00e8s convoit\u00e9, essentiel et vital pour nous publicitaires, afin d\u2019y d\u00e9ployer nos visuels, notamment \u00e0 travers les affichages publics et autres que vous pouvez voir tous les jours. Malheureusement, il arrive parfois que des couacs ou incompr\u00e9hensions surviennent. C\u2019est ainsi que l\u2019on peut apercevoir en ville des panneaux d\u2019affichage public avec la mention \u00ab\u00a0Autorisation annul\u00e9e\u2026\u00a0\u00bb. Des situations extr\u00eames d\u00e9plorables pour tous, que Publicitaires Associ\u00e9s se donne pour vocation en tant qu\u2019association de travailler, en bonne intelligence et main dans la main avec les autorit\u00e9s municipales de Ouagadougou et d\u2019ailleurs o\u00f9 cela est n\u00e9cessaire du reste, \u00e0 minimiser au maximum.<\/p>\n<p><strong>S\u00a0: <em>Souvent, vos rapports avec la municipalit\u00e9 de Ouagadougou sont tendus. Qu\u2019est-ce qui explique cela ?<\/em><\/strong><\/p>\n<p><strong>D.\u00a0: <\/strong>Je mentirais si je vous disais que tout est idyllique dans la collaboration entre les entreprises de publicit\u00e9 et la commune de Ouagadougou. A vrai dire, ces derni\u00e8res ann\u00e9es, nos rapports auraient pu \u00eatre bien meilleurs qu\u2019ils ne l\u2019ont \u00e9t\u00e9. A cette situation particuli\u00e8re et circonstancielle, puisque vous insistez pour connaitre nos difficult\u00e9s de coop\u00e9ration avec l\u2019autorit\u00e9 communale, je vous dirai qu\u2019il est arriv\u00e9 parfois des relations tr\u00e8s tendues avec notre partenaire la ville. Caract\u00e9ris\u00e9es par des revirements de situation inexplicables, une lenteur de traitement des dossiers marqu\u00e9e par une opacit\u00e9 inqui\u00e9tante. Tout ceci se passe dans un contexte o\u00f9 les diff\u00e9rents services de la commune se disputent certaines attributions, au d\u00e9triment \u00e9vident des int\u00e9r\u00eats des entreprises de publicit\u00e9. Pour me r\u00e9sumer, il est arriv\u00e9 parfois que la commune se comporte comme une concurrente vis-\u00e0-vis des r\u00e9gies publicitaires. Le grand espoir que je nourris, c\u2019est qu\u2019avec la mise en place de la D\u00e9l\u00e9gation sp\u00e9ciale, nous puissions nous comprendre pour mieux rebattre les cartes et repartir sur une base de collaboration un peu plus saine. Dans l\u2019int\u00e9r\u00eat bien compris et partag\u00e9 de la commune et de nos entreprises.<\/p>\n<p><strong>S\u00a0: <em>Qu\u2019attendez-vous alors des autorit\u00e9s municipales pour prendre en compte vos dol\u00e9ances de bonnes relations ?<\/em><\/strong><\/p>\n<p><strong>D.\u00a0: <\/strong>Nous attendons des autorit\u00e9s municipales une franche collaboration et une concertation pour la prise des d\u00e9cisions concernant notre m\u00e9tier. Qu\u2019elles prennent en compte les difficult\u00e9s financi\u00e8res et \u00e9conomiques conjoncturelles des entreprises \u00e9voluant dans le secteur de la publicit\u00e9 (en mati\u00e8re de taxes) et qu\u2019elles nous accompagnent \u00e0 assainir le milieu pour le bien-\u00eatre de la profession.<\/p>\n<p><strong>S : <em>Que faut-il faire concr\u00e8tement pour assainir le milieu de la publicit\u00e9 au Burkina Faso pour le d\u00e9veloppement \u00e9conomique ?<\/em><\/strong><\/p>\n<p><strong>D.\u00a0: <\/strong>Il est n\u00e9cessaire qu\u2019il y ait une sensibilisation accrue, en vue d\u2019une application effective de la loi, son d\u00e9cret d\u2019application et la prise de sanctions contre les contrevenants\u00a0comme pr\u00e9vu par les textes. Il y a \u00e9galement le respect strict des conditions l\u00e9gales pour la cr\u00e9ation d\u2019une entreprise de communication et de publicit\u00e9, notamment la qualification requise du dirigeant, telle qu\u2019exig\u00e9e par la loi. Il faut aussi l\u2019exigence d\u2019une production de l\u2019attestation de reconnaissance par le Conseil sup\u00e9rieur de la communication (CSC) (r\u00e9c\u00e9piss\u00e9 de d\u00e9claration) lors de la soumission aux appels \u00e0 concurrence pour les march\u00e9s publics, l\u2019interdiction de passer en charge des factures relatives \u00e0 la communication publicitaire provenant d\u2019une entreprise non reconnue par le CSC\u00a0et la mise en place d\u2019un m\u00e9canisme de financement de la formation continue des salari\u00e9s des entreprises de communication.<\/p>\n<p><strong>S\u00a0: <em>Vous intervenez seulement \u00e0 Ouagadougou, la capitale. Pourquoi ce choix ?<\/em><\/strong><\/p>\n<p><strong>D.\u00a0: <\/strong>Non, ce n\u2019est pas un choix, nous envisageons de nous \u00e9tendre dans les autres r\u00e9gions du Burkina.<\/p>\n<p><strong>S\u00a0: <em>Quel bilan pouvez-vous faire concernant l\u2019atteinte de vos objectifs ?<\/em><\/strong><\/p>\n<p><strong>D.\u00a0: <\/strong>Un bilan satisfaisant, car aujourd\u2019hui, nous sommes associ\u00e9s aux prises de d\u00e9cision, nous avons des repr\u00e9sentants dans les instances comme la Chambre de commerce, le Conseil sup\u00e9rieur de la communication (CSC), le Tribunal du commerce\u2026 Aussi, le r\u00e9c\u00e9piss\u00e9 de reconnaissance d\u00e9livr\u00e9 par le CSC commence \u00e0 \u00eatre exig\u00e9 par certains minist\u00e8res et institutions.<\/p>\n<p><strong>S\u00a0: <em>Quelles sont vos perspectives ?<\/em><\/strong><\/p>\n<p><strong>D.\u00a0: <\/strong>Il est n\u00e9cessaire d\u2019amener les minist\u00e8res, les institutions et entreprises priv\u00e9es \u00e0 travailler avec des agences nationales, de demander l\u2019expertise des agences nationales dans l\u2019\u00e9laboration des budgets de communication et l\u2019\u00e9valuation de leurs besoins en communication. Rechercher une saine collaboration avec nos partenaires que sont les m\u00e9dias, les r\u00e9gulateurs (CSC, ARCEP, CIL) et notre minist\u00e8re de tutelle est aussi envisageable.<\/p>\n<p><strong>S\u00a0: <em>Quel est votre appel \u00e0 l\u2019endroit des autres publicitaires ?<\/em><\/strong><\/p>\n<p><strong>D.\u00a0: <\/strong>Nous remercions les <em>Editions Sidwaya<\/em> de l\u2019opportunit\u00e9 qui nous a \u00e9t\u00e9 offerte de pr\u00e9senter notre association, ses missions et ses attentes. Nous remercions et f\u00e9licitons nos membres pour leur assiduit\u00e9, les efforts et les sacrifices qu\u2019ils consentent pour la bonne marche de notre association. Enfin, nous appelons et invitons tous ceux qui exercent dans le secteur et qui ne sont pas encore membres de Publicitaires Associ\u00e9s \u00e0 rejoindre l\u2019association. Afin que tous ensemble et plus forts, nous puissions lutter encore plus efficacement dans le futur, pour la prise en compte des int\u00e9r\u00eats de la profession.<\/p>\n<p><strong>Interview r\u00e9alis\u00e9e par Boukary BONKOUNGOU<\/strong><\/p>\n<p>L\u2019article <a rel=\"nofollow\" href=\"https:\/\/www.sidwaya.info\/blog\/2022\/03\/04\/secteur-de-la-publicite-les-dysfonctionnements-portent-essentiellement-sur-le-non-respect-des-textes-aicha-dabre-presidente-de-publicitaires-associes\/\">Secteur de la publicit\u00e9 : \u00ab\u00a0Les dysfonctionnements portent essentiellement sur le non-respect des textes \u00bb, A\u00efcha Dabr\u00e9, pr\u00e9sidente de Publicitaires Associ\u00e9s<\/a> est apparu en premier sur <a rel=\"nofollow\" href=\"https:\/\/www.sidwaya.info\/\">Quotidien Sidwaya<\/a>.<\/p>\n<\/div>\n<p>Auteur: BANGRE SIDWAYA<br \/>\n<a href=\"https:\/\/www.sidwaya.info\/blog\/2022\/03\/04\/secteur-de-la-publicite-les-dysfonctionnements-portent-essentiellement-sur-le-non-respect-des-textes-aicha-dabre-presidente-de-publicitaires-associes\/?utm_source=rss&#038;utm_medium=rss&#038;utm_campaign=secteur-de-la-publicite-les-dysfonctionnements-portent-essentiellement-sur-le-non-respect-des-textes-aicha-dabre-presidente-de-publicitaires-associes\">Cliquez ici pour lire l&rsquo;article depuis sa source.<\/a><\/p>\n","protected":false},"excerpt":{"rendered":"<p>La publicit\u00e9 est un secteur-cl\u00e9 de l\u2019\u00e9conomie nationale. Malheureusement, elle est marqu\u00e9e, entre autres, par l\u2019anarchie, le non-respect de la loi 080-2 15\/CNT et son d\u00e9cret d\u2019application du 12 juin 2017. Dans cette interview accord\u00e9e par la pr\u00e9sidente de Publicitaires Associ\u00e9s (PA), A\u00efcha Dabr\u00e9, il est question des dysfonctionnements dans le secteur, des rapports de [&hellip;]<\/p>\n","protected":false},"author":1816,"featured_media":0,"comment_status":"closed","ping_status":"closed","sticky":false,"template":"","format":"standard","meta":{"fifu_image_url":"https:\/\/www.sidwaya.info\/wp-content\/uploads\/2022\/03\/1-23-225x300.jpg","fifu_image_alt":"Secteur de la publicit\u00e9 : \u00ab\u00a0Les dysfonctionnements portent essentiellement sur le non-respect des textes \u00bb, A\u00efcha Dabr\u00e9, pr\u00e9sidente de Publicitaires Associ\u00e9s","footnotes":""},"categories":[73,81],"tags":[],"class_list":["post-142339","post","type-post","status-publish","format-standard","hentry","category-actualite","category-burkina-faso"],"_links":{"self":[{"href":"https:\/\/linitiative.ca\/International\/wp-json\/wp\/v2\/posts\/142339","targetHints":{"allow":["GET"]}}],"collection":[{"href":"https:\/\/linitiative.ca\/International\/wp-json\/wp\/v2\/posts"}],"about":[{"href":"https:\/\/linitiative.ca\/International\/wp-json\/wp\/v2\/types\/post"}],"author":[{"embeddable":true,"href":"https:\/\/linitiative.ca\/International\/wp-json\/wp\/v2\/users\/1816"}],"replies":[{"embeddable":true,"href":"https:\/\/linitiative.ca\/International\/wp-json\/wp\/v2\/comments?post=142339"}],"version-history":[{"count":0,"href":"https:\/\/linitiative.ca\/International\/wp-json\/wp\/v2\/posts\/142339\/revisions"}],"wp:attachment":[{"href":"https:\/\/linitiative.ca\/International\/wp-json\/wp\/v2\/media?parent=142339"}],"wp:term":[{"taxonomy":"category","embeddable":true,"href":"https:\/\/linitiative.ca\/International\/wp-json\/wp\/v2\/categories?post=142339"},{"taxonomy":"post_tag","embeddable":true,"href":"https:\/\/linitiative.ca\/International\/wp-json\/wp\/v2\/tags?post=142339"}],"curies":[{"name":"wp","href":"https:\/\/api.w.org\/{rel}","templated":true}]}}