{"id":142341,"date":"2022-03-04T11:18:03","date_gmt":"2022-03-04T16:18:03","guid":{"rendered":"https:\/\/linitiative.ca\/International\/lethiopie-pour-une-resolution-pacifique-de-la-guerre-en-ukraine\/"},"modified":"2022-03-04T11:18:03","modified_gmt":"2022-03-04T16:18:03","slug":"lethiopie-pour-une-resolution-pacifique-de-la-guerre-en-ukraine","status":"publish","type":"post","link":"https:\/\/linitiative.ca\/International\/lethiopie-pour-une-resolution-pacifique-de-la-guerre-en-ukraine\/","title":{"rendered":"L\u2019\u00c9thiopie pour une r\u00e9solution pacifique de la guerre en Ukraine"},"content":{"rendered":"<div>\n<p><img decoding=\"async\" width=\"272\" height=\"186\" src=\"https:\/\/linitiative.ca\/International\/wp-content\/uploads\/sites\/23\/2022\/03\/16464106834205.jpg\" class=\"attachment-post-thumbnail size-post-thumbnail wp-post-image\" alt=\"\" loading=\"lazy\"><\/p>\n<p>Le Premier ministre \u00e9thiopien, Abiy Ahmed, a appel\u00e9 \u00e0 une r\u00e9solution pacifique du conflit qui oppose la Russie \u00e0 l&rsquo;Ukraine.Pour l&rsquo;Ethiopie, la Russie et l&rsquo;Ukraine doivent faire preuve d&rsquo;un maximum de retenue pour mettre fin \u00e0 la crise. Selon le Premier ministre, Abiy Ahmed, le pass\u00e9 historique tragique de la communaut\u00e9 mondiale, associ\u00e9 aux vastes progr\u00e8s r\u00e9alis\u00e9s par les pays au XXIe si\u00e8cle, appelle \u00e0 une approche plus nuanc\u00e9e des relations internationales et de la diplomatie.<\/p>\n<p>\u00ab Une situation \u00e0 somme nulle ne doit pas \u00eatre notre r\u00e9alit\u00e9, surtout lorsque nous pouvons compter sur les le\u00e7ons du pass\u00e9 pour nous amener \u00e0 de plus grands sommets de coexistence \u00bb, a d\u00e9clar\u00e9 le chef du gouvernement \u00e9thiopien dans un communiqu\u00e9 re\u00e7u \u00e0 APA.<\/p>\n<p>M. Ahmed a soutenu que les communaut\u00e9s mondiales ont travers\u00e9 deux ann\u00e9es marqu\u00e9es par des difficult\u00e9s \u00e9conomiques et sanitaires dues \u00e0 la pand\u00e9mie de Covid-19 et appel\u00e9 \u00e0 un retour \u00e0 la normale de la vie de la communaut\u00e9 mondiale.<\/p>\n<p>\u00ab Qu&rsquo;il s&rsquo;agisse d&rsquo;une pand\u00e9mie sanitaire ou d&rsquo;un affrontement arm\u00e9, ce sont ces sections vuln\u00e9rables de la communaut\u00e9 mondiale qui souffrent le plus \u00bb, a-t-il d\u00e9plor\u00e9, soulignant que l&rsquo;\u00c9thiopie a de nombreuses le\u00e7ons \u00e0 partager sur les effets d\u00e9vastateurs de la guerre avec la guerre dans la partie nord du pays.<\/p>\n<p>\u00ab Notre exp\u00e9rience a montr\u00e9 les cons\u00e9quences d\u00e9vastatrices que la guerre inflige aux familles, aux communaut\u00e9s, aux moyens de subsistance et \u00e0 l&rsquo;\u00e9conomie en g\u00e9n\u00e9ral. Alors que l&rsquo;on peut penser que les cons\u00e9quences mat\u00e9rielles de la guerre se reconstituent facilement, elles laissent des cicatrices durables dans le tissu social \u00bb, a poursuivi M. Ahmed.<\/p>\n<p>Cet article <a rel=\"nofollow\" href=\"https:\/\/www.journalducameroun.com\/lethiopie-pour-une-resolution-pacifique-de-la-guerre-en-ukraine\/\">L\u2019\u00c9thiopie pour une r\u00e9solution pacifique de la guerre en Ukraine<\/a> est apparu en premier sur <a rel=\"nofollow\" href=\"https:\/\/www.journalducameroun.com\/\">Journal du Cameroun<\/a>.<\/p>\n<\/div>\n<p>Auteur: APA News<br \/>\n<a href=\"https:\/\/www.journalducameroun.com\/lethiopie-pour-une-resolution-pacifique-de-la-guerre-en-ukraine\/\">Cliquez ici pour lire l&rsquo;article depuis sa source.<\/a><\/p>\n","protected":false},"excerpt":{"rendered":"<p>Le Premier ministre \u00e9thiopien, Abiy Ahmed, a appel\u00e9 \u00e0 une r\u00e9solution pacifique du conflit qui oppose la Russie \u00e0 l&rsquo;Ukraine.Pour l&rsquo;Ethiopie, la Russie et l&rsquo;Ukraine doivent faire preuve d&rsquo;un maximum de retenue pour mettre fin \u00e0 la crise. Selon le Premier ministre, Abiy Ahmed, le pass\u00e9 historique tragique de la communaut\u00e9 mondiale, associ\u00e9 aux vastes [&hellip;]<\/p>\n","protected":false},"author":1965,"featured_media":0,"comment_status":"closed","ping_status":"closed","sticky":false,"template":"","format":"standard","meta":{"fifu_image_url":"https:\/\/www.journalducameroun.com\/wp-content\/uploads\/2022\/03\/16464106834205.jpg","fifu_image_alt":"L\u2019\u00c9thiopie pour une r\u00e9solution pacifique de la guerre en Ukraine","footnotes":""},"categories":[73,82],"tags":[],"class_list":["post-142341","post","type-post","status-publish","format-standard","hentry","category-actualite","category-cameroun"],"_links":{"self":[{"href":"https:\/\/linitiative.ca\/International\/wp-json\/wp\/v2\/posts\/142341","targetHints":{"allow":["GET"]}}],"collection":[{"href":"https:\/\/linitiative.ca\/International\/wp-json\/wp\/v2\/posts"}],"about":[{"href":"https:\/\/linitiative.ca\/International\/wp-json\/wp\/v2\/types\/post"}],"author":[{"embeddable":true,"href":"https:\/\/linitiative.ca\/International\/wp-json\/wp\/v2\/users\/1965"}],"replies":[{"embeddable":true,"href":"https:\/\/linitiative.ca\/International\/wp-json\/wp\/v2\/comments?post=142341"}],"version-history":[{"count":0,"href":"https:\/\/linitiative.ca\/International\/wp-json\/wp\/v2\/posts\/142341\/revisions"}],"wp:attachment":[{"href":"https:\/\/linitiative.ca\/International\/wp-json\/wp\/v2\/media?parent=142341"}],"wp:term":[{"taxonomy":"category","embeddable":true,"href":"https:\/\/linitiative.ca\/International\/wp-json\/wp\/v2\/categories?post=142341"},{"taxonomy":"post_tag","embeddable":true,"href":"https:\/\/linitiative.ca\/International\/wp-json\/wp\/v2\/tags?post=142341"}],"curies":[{"name":"wp","href":"https:\/\/api.w.org\/{rel}","templated":true}]}}