{"id":142343,"date":"2022-03-04T12:18:03","date_gmt":"2022-03-04T17:18:03","guid":{"rendered":"https:\/\/linitiative.ca\/International\/la-cedeao-accentue-la-pression-sur-la-junte-guineenne\/"},"modified":"2022-03-04T12:18:03","modified_gmt":"2022-03-04T17:18:03","slug":"la-cedeao-accentue-la-pression-sur-la-junte-guineenne","status":"publish","type":"post","link":"https:\/\/linitiative.ca\/International\/la-cedeao-accentue-la-pression-sur-la-junte-guineenne\/","title":{"rendered":"La C\u00e9d\u00e9ao accentue la pression sur la junte guin\u00e9enne"},"content":{"rendered":"<div>\n<p><img decoding=\"async\" width=\"225\" height=\"224\" src=\"https:\/\/linitiative.ca\/International\/wp-content\/uploads\/sites\/23\/2022\/03\/16464142831981.jpg\" class=\"attachment-post-thumbnail size-post-thumbnail wp-post-image\" alt=\"\" loading=\"lazy\" srcset=\"https:\/\/linitiative.ca\/International\/wp-content\/uploads\/sites\/23\/2022\/03\/16464142831981.jpg 225w, https:\/\/www.journalducameroun.com\/wp-content\/uploads\/2022\/03\/16464142831981-150x150.jpg 150w, https:\/\/www.journalducameroun.com\/wp-content\/uploads\/2022\/03\/16464142831981-60x60.jpg 60w, https:\/\/www.journalducameroun.com\/wp-content\/uploads\/2022\/03\/16464142831981-100x100.jpg 100w\" sizes=\"auto, (max-width: 225px) 100vw, 225px\"><\/p>\n<p>La mission conjointe de la C\u00e9d\u00e9ao et de l&rsquo;ONU d\u00e9nonce l&rsquo;absence d&rsquo;un \u00ab chronogramme acceptable \u00bb pour le retour \u00e0 l&rsquo;ordre constitutionnel.La communaut\u00e9 internationale met un peu plus de pression sur le pouvoir militaire de Conakry. Lors d&rsquo;une visite effectu\u00e9e dans la capitale guin\u00e9enne dimanche dernier, l&rsquo;\u00e9quipe de la Communaut\u00e9 \u00e9conomique des \u00c9tats de l&rsquo;Afrique de l&rsquo;Ouest (C\u00e9d\u00e9ao) et du Bureau des Nations unies pour l&rsquo;Afrique de l&rsquo;Ouest et le Sahel (UNOWAS) a fait savoir \u00e0 la junte qu&rsquo;il est temps que la transition avance.<\/p>\n<p>Dans un communiqu\u00e9 diffus\u00e9 jeudi soir, l&rsquo;organisation sous r\u00e9gionale note \u00ab le non-respect\u00a0\u00bb du d\u00e9lai des six mois d\u00e9cid\u00e9 le 16 septembre 2021 \u00e0 Accra par la conf\u00e9rence des chefs d&rsquo;\u00c9tats et de gouvernement pour restaurer l&rsquo;ordre constitutionnel.<\/p>\n<p>La C\u00e9d\u00e9ao se dit donc \u00ab tr\u00e8s pr\u00e9occup\u00e9e par l&rsquo;absence de chronogramme acceptable (et) exhorte \u00bb le nouveau pouvoir, qui a renvers\u00e9 le pr\u00e9sident Alpha Cond\u00e9 le 5 septembre dernier, \u00e0 en fournir un \u00ab dans les meilleurs d\u00e9lais \u00bb.<\/p>\n<p>Par ailleurs, elle invite les dirigeants actuels \u00e0 mettre en place un cadre de dialogue et \u00e0 mener des consultations avec les acteurs socio-politiques afin d&rsquo;\u00e9viter une d\u00e9t\u00e9rioration de la coh\u00e9sion sociale.<\/p>\n<p>Cette derni\u00e8re a notamment \u00e9t\u00e9 malmen\u00e9e ces derniers jours suite \u00e0 la campagne de r\u00e9cup\u00e9ration du Patrimoine b\u00e2ti de l&rsquo;Etat, laquelle campagne a touch\u00e9 plusieurs anciens ministres.<\/p>\n<p>Cet article <a rel=\"nofollow\" href=\"https:\/\/www.journalducameroun.com\/la-cedeao-accentue-la-pression-sur-la-junte-guineenne\/\">La C\u00e9d\u00e9ao accentue la pression sur la junte guin\u00e9enne<\/a> est apparu en premier sur <a rel=\"nofollow\" href=\"https:\/\/www.journalducameroun.com\/\">Journal du Cameroun<\/a>.<\/p>\n<\/div>\n<p>Auteur: APA News<br \/>\n<a href=\"https:\/\/www.journalducameroun.com\/la-cedeao-accentue-la-pression-sur-la-junte-guineenne\/\">Cliquez ici pour lire l&rsquo;article depuis sa source.<\/a><\/p>\n","protected":false},"excerpt":{"rendered":"<p>La mission conjointe de la C\u00e9d\u00e9ao et de l&rsquo;ONU d\u00e9nonce l&rsquo;absence d&rsquo;un \u00ab chronogramme acceptable \u00bb pour le retour \u00e0 l&rsquo;ordre constitutionnel.La communaut\u00e9 internationale met un peu plus de pression sur le pouvoir militaire de Conakry. Lors d&rsquo;une visite effectu\u00e9e dans la capitale guin\u00e9enne dimanche dernier, l&rsquo;\u00e9quipe de la Communaut\u00e9 \u00e9conomique des \u00c9tats de l&rsquo;Afrique [&hellip;]<\/p>\n","protected":false},"author":1965,"featured_media":0,"comment_status":"closed","ping_status":"closed","sticky":false,"template":"","format":"standard","meta":{"fifu_image_url":"https:\/\/www.journalducameroun.com\/wp-content\/uploads\/2022\/03\/16464142831981.jpg","fifu_image_alt":"La C\u00e9d\u00e9ao accentue la pression sur la junte guin\u00e9enne","footnotes":""},"categories":[73,82],"tags":[],"class_list":["post-142343","post","type-post","status-publish","format-standard","hentry","category-actualite","category-cameroun"],"_links":{"self":[{"href":"https:\/\/linitiative.ca\/International\/wp-json\/wp\/v2\/posts\/142343","targetHints":{"allow":["GET"]}}],"collection":[{"href":"https:\/\/linitiative.ca\/International\/wp-json\/wp\/v2\/posts"}],"about":[{"href":"https:\/\/linitiative.ca\/International\/wp-json\/wp\/v2\/types\/post"}],"author":[{"embeddable":true,"href":"https:\/\/linitiative.ca\/International\/wp-json\/wp\/v2\/users\/1965"}],"replies":[{"embeddable":true,"href":"https:\/\/linitiative.ca\/International\/wp-json\/wp\/v2\/comments?post=142343"}],"version-history":[{"count":0,"href":"https:\/\/linitiative.ca\/International\/wp-json\/wp\/v2\/posts\/142343\/revisions"}],"wp:attachment":[{"href":"https:\/\/linitiative.ca\/International\/wp-json\/wp\/v2\/media?parent=142343"}],"wp:term":[{"taxonomy":"category","embeddable":true,"href":"https:\/\/linitiative.ca\/International\/wp-json\/wp\/v2\/categories?post=142343"},{"taxonomy":"post_tag","embeddable":true,"href":"https:\/\/linitiative.ca\/International\/wp-json\/wp\/v2\/tags?post=142343"}],"curies":[{"name":"wp","href":"https:\/\/api.w.org\/{rel}","templated":true}]}}