{"id":142345,"date":"2022-03-04T14:18:03","date_gmt":"2022-03-04T19:18:03","guid":{"rendered":"https:\/\/linitiative.ca\/International\/la-cie-et-la-sodeci-au-secours-des-sinistres-de-leffondrement-dun-immeuble-pres-de-leurs-sieges\/"},"modified":"2022-03-04T14:18:03","modified_gmt":"2022-03-04T19:18:03","slug":"la-cie-et-la-sodeci-au-secours-des-sinistres-de-leffondrement-dun-immeuble-pres-de-leurs-sieges","status":"publish","type":"post","link":"https:\/\/linitiative.ca\/International\/la-cie-et-la-sodeci-au-secours-des-sinistres-de-leffondrement-dun-immeuble-pres-de-leurs-sieges\/","title":{"rendered":"La CIE et la SODECI  au secours des sinistr\u00e9s de l\u2019effondrement d\u2019un immeuble pr\u00e8s de leurs si\u00e8ges"},"content":{"rendered":"<div>\n<p><img decoding=\"async\" width=\"1080\" height=\"720\" src=\"https:\/\/linitiative.ca\/International\/wp-content\/uploads\/sites\/23\/2022\/03\/16464214846984.jpg\" class=\"attachment-post-thumbnail size-post-thumbnail wp-post-image\" alt=\"\" loading=\"lazy\" srcset=\"https:\/\/linitiative.ca\/International\/wp-content\/uploads\/sites\/23\/2022\/03\/16464214846984.jpg 1080w, https:\/\/www.journalducameroun.com\/wp-content\/uploads\/2022\/03\/16464214846984-300x200.jpg 300w, https:\/\/www.journalducameroun.com\/wp-content\/uploads\/2022\/03\/16464214846984-1024x683.jpg 1024w, https:\/\/www.journalducameroun.com\/wp-content\/uploads\/2022\/03\/16464214846984-768x512.jpg 768w, https:\/\/www.journalducameroun.com\/wp-content\/uploads\/2022\/03\/16464214846984-660x440.jpg 660w, https:\/\/www.journalducameroun.com\/wp-content\/uploads\/2022\/03\/16464214846984-600x400.jpg 600w\" sizes=\"auto, (max-width: 1080px) 100vw, 1080px\"><\/p>\n<p>La Compagnie ivoirienne de l&rsquo;\u00e9lectricit\u00e9 (CIE) et la Soci\u00e9t\u00e9 de distribution d&rsquo;eau de la C\u00f4te d&rsquo;Ivoire (SODECI) ont exprim\u00e9 leur compassion aux sinistr\u00e9s de l&rsquo;effondrement d&rsquo;un immeuble en construction \u00e0 Treichville, pr\u00e8s de leurs si\u00e8ges, dans le Sud de la capitale \u00e9conomique ivoirienne.Dans la nuit du samedi 26 au dimanche 27 f\u00e9vrier 2022, un immeuble en construction \u00e0 Treichville s&rsquo;est effondr\u00e9 sur des habitations, faisant plusieurs victimes. Il s&rsquo;agit de 7 morts, 22 bless\u00e9s et plus de 100 personnes d\u00e9plac\u00e9es.\u00a0<\/p>\n<p>Touch\u00e9es par ce drame, les entreprises CIE et SODECI se sont mobilis\u00e9es, hier jeudi, pour apporter leur soutien et assistance aux populations sinistr\u00e9es, rapportent les deux entreprises dans une note transmise \u00e0 APA ce vendredi.<\/p>\n<p>Le Directeur G\u00e9n\u00e9ral du Groupe CIE et SODECI, Ahmadou Bakayoko, accompagn\u00e9 de ses collaborateurs, a exprim\u00e9 sa compassion \u00e0 travers un don en vivres et non-vivres d&rsquo;une valeur de 5.000.000 F CFA.<\/p>\n<p>Ce don est notamment compos\u00e9 d&rsquo;une enveloppe de 1.000.000 F CFA pour soutenir la mairie dans les initiatives prises depuis le 27 f\u00e9vrier 2022 et de produits de premi\u00e8re n\u00e9cessit\u00e9 pour un montant global de 4.000.000 F CFA. Des cartons d&rsquo;huile, de lait, de sucre, de savons, des sacs de riz, des matelas, des bouteilles de gaz&#8230;composent entre autres ces produits de premi\u00e8re n\u00e9cessit\u00e9.\u00a0<\/p>\n<p>En plus de ces dons, le Directeur G\u00e9n\u00e9ral a rappel\u00e9 la disponibilit\u00e9 de ses \u00e9quipes pour l&rsquo;assistance des sinistr\u00e9s. A cet effet, aussit\u00f4t apr\u00e8s le drame, les \u00e9quipes de la SODECI et de la CIE ont \u00e9t\u00e9 sur le terrain pour prendre les dispositions s\u00e9curitaires qui s&rsquo;imposaient aussi bien pour l&rsquo;eau que pour l&rsquo;\u00e9lectricit\u00e9 dont les r\u00e9seaux avaient \u00e9t\u00e9 d\u00e9truits par l&rsquo;effondrement.<\/p>\n<p>S&rsquo;agissant de l&rsquo;eau, les travaux de r\u00e9paration des fuites et de reprise des branchements endommag\u00e9s ont permis une remise en service partielle du r\u00e9seau. En attendant un retour \u00e0 la normale, depuis le mercredi 2 mars 2022, un camion-citerne a \u00e9t\u00e9 mis \u00e0 la disposition des familles sinistr\u00e9es pour les approvisionner en eau potable.<\/p>\n<p>Pour l&rsquo;\u00e9lectricit\u00e9, les services de la CIE ont effectu\u00e9 la d\u00e9pose de l&rsquo;ensemble des tableaux de comptage identifi\u00e9s sur le site d\u00e9truit ou les sites \u00e0 risques. La reprise de l&rsquo;alimentation \u00e9lectrique le 2 mars 2022 de quatre cours qui avaient \u00e9t\u00e9 isol\u00e9es apr\u00e8s le sinistre et la pose de deux foyers suppl\u00e9mentaires autour du site pour renforcer l&rsquo;\u00e9clairage de la zone sont \u00e9galement \u00e0 l&rsquo;actif de la CIE.<\/p>\n<p>Pour les deux entreprises, ces actions s&rsquo;inscrivent dans le cadre des missions de service public, de responsabilit\u00e9s soci\u00e9tales et d&rsquo;engagement en faveur du bien-\u00eatre des populations. Le Directeur G\u00e9n\u00e9ral Ahmadou Bakayoko, en r\u00e9affirmant le soutien de ces deux entreprises \u00e0 la commune de Treichville avec laquelle elles ont des relations multiformes et constructives, a justifi\u00e9 cette mobilisation de ses collaborateurs par la valeur de solidarit\u00e9 que v\u00e9hicule \u00e9galement la commune N&rsquo;Zassa (cosmopolitique) de Treichville.<\/p>\n<p>A la suite de M. Bakayoko, le maire de la commune de Treichville, Fran\u00e7ois Amichia au nom du Conseil municipal, des populations impact\u00e9es, des familles des victimes, a exprim\u00e9 sa reconnaissance et son admiration face \u00e0 ce geste de haute port\u00e9e sociale. \u00ab Nous ne sommes pas surpris de votre d\u00e9placement et du geste que vous faites ce jour car nous connaissons votre g\u00e9n\u00e9rosit\u00e9 et votre politique soci\u00e9tale en faveur des populations et plus sp\u00e9cialement en faveur des populations de Treichville qui vont au-del\u00e0 de la solidarit\u00e9 et du bon voisinage\u00a0\u00bb, a-t-il expliqu\u00e9.<\/p>\n<p>Poursuivant, il a d\u00e9clar\u00e9 : \u00ab Nous sommes heureux que ce soit vous en tant qu&rsquo;entreprises priv\u00e9es qui donniez en premier ce signal de solidarit\u00e9. Je voudrais vous rassurer M. le directeur g\u00e9n\u00e9ral qu&rsquo;un bon usage sera fait de tout ce que vous nous avez offert \u00bb.<\/p>\n<p>Cet article <a rel=\"nofollow\" href=\"https:\/\/www.journalducameroun.com\/la-cie-et-la-sodeci-au-secours-des-sinistres-de-leffondrement-dun-immeuble-pres-de-leurs-sieges\/\">La CIE et la SODECI  au secours des sinistr\u00e9s de l\u2019effondrement d\u2019un immeuble pr\u00e8s de leurs si\u00e8ges<\/a> est apparu en premier sur <a rel=\"nofollow\" href=\"https:\/\/www.journalducameroun.com\/\">Journal du Cameroun<\/a>.<\/p>\n<\/div>\n<p>Auteur: APA News<br \/>\n<a href=\"https:\/\/www.journalducameroun.com\/la-cie-et-la-sodeci-au-secours-des-sinistres-de-leffondrement-dun-immeuble-pres-de-leurs-sieges\/\">Cliquez ici pour lire l&rsquo;article depuis sa source.<\/a><\/p>\n","protected":false},"excerpt":{"rendered":"<p>La Compagnie ivoirienne de l&rsquo;\u00e9lectricit\u00e9 (CIE) et la Soci\u00e9t\u00e9 de distribution d&rsquo;eau de la C\u00f4te d&rsquo;Ivoire (SODECI) ont exprim\u00e9 leur compassion aux sinistr\u00e9s de l&rsquo;effondrement d&rsquo;un immeuble en construction \u00e0 Treichville, pr\u00e8s de leurs si\u00e8ges, dans le Sud de la capitale \u00e9conomique ivoirienne.Dans la nuit du samedi 26 au dimanche 27 f\u00e9vrier 2022, un immeuble [&hellip;]<\/p>\n","protected":false},"author":1965,"featured_media":0,"comment_status":"closed","ping_status":"closed","sticky":false,"template":"","format":"standard","meta":{"fifu_image_url":"https:\/\/www.journalducameroun.com\/wp-content\/uploads\/2022\/03\/16464214846984.jpg","fifu_image_alt":"La CIE et la SODECI  au secours des sinistr\u00e9s de l\u2019effondrement d\u2019un immeuble pr\u00e8s de leurs si\u00e8ges","footnotes":""},"categories":[73,82],"tags":[],"class_list":["post-142345","post","type-post","status-publish","format-standard","hentry","category-actualite","category-cameroun"],"_links":{"self":[{"href":"https:\/\/linitiative.ca\/International\/wp-json\/wp\/v2\/posts\/142345","targetHints":{"allow":["GET"]}}],"collection":[{"href":"https:\/\/linitiative.ca\/International\/wp-json\/wp\/v2\/posts"}],"about":[{"href":"https:\/\/linitiative.ca\/International\/wp-json\/wp\/v2\/types\/post"}],"author":[{"embeddable":true,"href":"https:\/\/linitiative.ca\/International\/wp-json\/wp\/v2\/users\/1965"}],"replies":[{"embeddable":true,"href":"https:\/\/linitiative.ca\/International\/wp-json\/wp\/v2\/comments?post=142345"}],"version-history":[{"count":0,"href":"https:\/\/linitiative.ca\/International\/wp-json\/wp\/v2\/posts\/142345\/revisions"}],"wp:attachment":[{"href":"https:\/\/linitiative.ca\/International\/wp-json\/wp\/v2\/media?parent=142345"}],"wp:term":[{"taxonomy":"category","embeddable":true,"href":"https:\/\/linitiative.ca\/International\/wp-json\/wp\/v2\/categories?post=142345"},{"taxonomy":"post_tag","embeddable":true,"href":"https:\/\/linitiative.ca\/International\/wp-json\/wp\/v2\/tags?post=142345"}],"curies":[{"name":"wp","href":"https:\/\/api.w.org\/{rel}","templated":true}]}}