{"id":142349,"date":"2022-03-04T17:18:03","date_gmt":"2022-03-04T22:18:03","guid":{"rendered":"https:\/\/linitiative.ca\/International\/belgique-arrestation-dun-presume-terroriste-suite-a-des-renseignements-fournis-par-la-dgst-maroc\/"},"modified":"2022-03-04T17:18:03","modified_gmt":"2022-03-04T22:18:03","slug":"belgique-arrestation-dun-presume-terroriste-suite-a-des-renseignements-fournis-par-la-dgst-maroc","status":"publish","type":"post","link":"https:\/\/linitiative.ca\/International\/belgique-arrestation-dun-presume-terroriste-suite-a-des-renseignements-fournis-par-la-dgst-maroc\/","title":{"rendered":"Belgique: Arrestation d\u2019un pr\u00e9sum\u00e9 terroriste suite \u00e0 des renseignements fournis par la DGST-Maroc"},"content":{"rendered":"<div>\n<p><img decoding=\"async\" width=\"780\" height=\"468\" src=\"https:\/\/linitiative.ca\/International\/wp-content\/uploads\/sites\/23\/2022\/03\/16464322841831.jpg\" class=\"attachment-post-thumbnail size-post-thumbnail wp-post-image\" alt=\"\" loading=\"lazy\" srcset=\"https:\/\/linitiative.ca\/International\/wp-content\/uploads\/sites\/23\/2022\/03\/16464322841831.jpg 780w, https:\/\/www.journalducameroun.com\/wp-content\/uploads\/2022\/03\/16464322841831-300x180.jpg 300w, https:\/\/www.journalducameroun.com\/wp-content\/uploads\/2022\/03\/16464322841831-768x461.jpg 768w, https:\/\/www.journalducameroun.com\/wp-content\/uploads\/2022\/03\/16464322841831-733x440.jpg 733w, https:\/\/www.journalducameroun.com\/wp-content\/uploads\/2022\/03\/16464322841831-600x360.jpg 600w\" sizes=\"auto, (max-width: 780px) 100vw, 780px\"><\/p>\n<p>La la Direction g\u00e9n\u00e9rale de la surveillance du territoire national (DGST) au Maroc a fourni aux autorit\u00e9s belges comp\u00e9tentes des renseignements pr\u00e9cis sur un citoyen belge d&rsquo;origine marocaine soup\u00e7onn\u00e9 d&rsquo;implication dans l&rsquo;incitation, la planification et la pr\u00e9paration de projets terroristes.Selon un communiqu\u00e9 du Bureau Central des Investigations Judiciaires (BCIJ), \u00abces renseignements mis par la DGST \u00e0 la disposition des autorit\u00e9s s\u00e9curitaires et judiciaires belges ont permis l&rsquo;arrestation du mis en cause, qui s&rsquo;activait au nom de Abdellah Al-Beljiki, et sa mise en d\u00e9tention par la justice belge pour les besoins de l&rsquo;enqu\u00eate men\u00e9e dans le cadre des affaires du terrorisme et de l&rsquo;extr\u00e9misme violent\u00bb.<\/p>\n<p>Le citoyen belge d&rsquo;origine marocaine a \u00e9t\u00e9 identifi\u00e9 et son implication directe \u00e9tablie dans l&rsquo;incitation \u00e0 l&rsquo;ex\u00e9cution de projets terroristes imminents, dans le cadre de l&rsquo;enqu\u00eate men\u00e9e actuellement par le BCIJ, relevant de la DGST, sous la supervision du parquet comp\u00e9tent, en complicit\u00e9 avec un partisan de Daech, arr\u00eat\u00e9 le 2 mars courant \u00e0 Foum Zquid aux environs de Tata (sud-est), pour son implication pr\u00e9sum\u00e9e dans la pr\u00e9paration de l&rsquo;ex\u00e9cution d&rsquo;un plan terroriste aux ramifications transfrontali\u00e8res, indique la m\u00eame source.<\/p>\n<p>Les investigations men\u00e9es jusqu&rsquo;\u00e0 ce stade ont permis de d\u00e9tecter un transfert en euros effectu\u00e9 par le d\u00e9tenu en Belgique au profit du suspect arr\u00eat\u00e9 au Maroc, au d\u00e9but du mois de mars courant, comme une premi\u00e8re avance dans le cadre d&rsquo;op\u00e9rations de financement progressif pour l&rsquo;acquisition de compos\u00e9s et de produits chimiques entrant dans la pr\u00e9paration et la fabrication d&rsquo;explosifs.<\/p>\n<p>Appuy\u00e9es par les expertises num\u00e9riques et techniques, les investigations ont r\u00e9v\u00e9l\u00e9 l&rsquo;implication de la personne arr\u00eat\u00e9e en Belgique dans l&rsquo;incitation \u00e0 la cr\u00e9ation d&rsquo;une organisation terroriste locale pour mener des op\u00e9rations subversives au Maroc, \u00e0 travers des contenus expliquant \u00e0 la personne arr\u00eat\u00e9e au Maroc le modus operandi d&rsquo;enr\u00f4lement et d&#8217;embrigadement ainsi que la mani\u00e8re de choisir les bases arri\u00e8re des entra\u00eenements et les projets et les cibles \u00e0 viser, ajoute le communiqu\u00e9.<\/p>\n<p>Il ressort \u00e9galement de l&rsquo;enqu\u00eate que les cibles imminentes de ce plan terroriste portent sur l&rsquo;attaque de ressortissants \u00e9trangers, de hauts responsables de d\u00e9partements gouvernementaux et s\u00e9curitaires ainsi que de sites militaires et s\u00e9curitaires et d&rsquo;\u00e9tablissements p\u00e9nitentiaires \u00e0 l&rsquo;aide d&rsquo;une voiture pi\u00e9g\u00e9e ou d&rsquo;un v\u00e9hicule dans le cadre d&rsquo;op\u00e9rations de terrorisme individuelles, apr\u00e8s le t\u00e9l\u00e9chargement des coordonn\u00e9es de localisation sur Internet, outre l&rsquo;attaque d&rsquo;agences bancaires et de change.<\/p>\n<p>Les constatations et les expertises techniques effectu\u00e9es ont r\u00e9v\u00e9l\u00e9 que le pr\u00e9venu interpell\u00e9 au Maroc a men\u00e9 trois tentatives de fabrication d&rsquo;explosifs \u00e0 partir des produits chimiques saisis et ce, dans la ferme de sa famille, situ\u00e9e dans la r\u00e9gion de Foum Zquid, aux environs de Tata.<\/p>\n<p>\u00a0Les enqu\u00eates et investigations men\u00e9s par le BCIJ se poursuivent dans cette affaire sous la supervision du parquet charg\u00e9 des affaires du terrorisme et de l&rsquo;extr\u00e9misme pour d\u00e9terminer les ramifications et liaisons nationales et internationales de ce projet terroriste, ajoute la m\u00eame source.<\/p>\n<p>Cet article <a rel=\"nofollow\" href=\"https:\/\/www.journalducameroun.com\/belgique-arrestation-dun-presume-terroriste-suite-a-des-renseignements-fournis-par-la-dgst-maroc\/\">Belgique: Arrestation d\u2019un pr\u00e9sum\u00e9 terroriste suite \u00e0 des renseignements fournis par la DGST-Maroc<\/a> est apparu en premier sur <a rel=\"nofollow\" href=\"https:\/\/www.journalducameroun.com\/\">Journal du Cameroun<\/a>.<\/p>\n<\/div>\n<p>Auteur: APA News<br \/>\n<a href=\"https:\/\/www.journalducameroun.com\/belgique-arrestation-dun-presume-terroriste-suite-a-des-renseignements-fournis-par-la-dgst-maroc\/\">Cliquez ici pour lire l&rsquo;article depuis sa source.<\/a><\/p>\n","protected":false},"excerpt":{"rendered":"<p>La la Direction g\u00e9n\u00e9rale de la surveillance du territoire national (DGST) au Maroc a fourni aux autorit\u00e9s belges comp\u00e9tentes des renseignements pr\u00e9cis sur un citoyen belge d&rsquo;origine marocaine soup\u00e7onn\u00e9 d&rsquo;implication dans l&rsquo;incitation, la planification et la pr\u00e9paration de projets terroristes.Selon un communiqu\u00e9 du Bureau Central des Investigations Judiciaires (BCIJ), \u00abces renseignements mis par la DGST [&hellip;]<\/p>\n","protected":false},"author":1965,"featured_media":0,"comment_status":"closed","ping_status":"closed","sticky":false,"template":"","format":"standard","meta":{"fifu_image_url":"https:\/\/www.journalducameroun.com\/wp-content\/uploads\/2022\/03\/16464322841831.jpg","fifu_image_alt":"Belgique: Arrestation d\u2019un pr\u00e9sum\u00e9 terroriste suite \u00e0 des renseignements fournis par la DGST-Maroc","footnotes":""},"categories":[73,82],"tags":[],"class_list":["post-142349","post","type-post","status-publish","format-standard","hentry","category-actualite","category-cameroun"],"_links":{"self":[{"href":"https:\/\/linitiative.ca\/International\/wp-json\/wp\/v2\/posts\/142349","targetHints":{"allow":["GET"]}}],"collection":[{"href":"https:\/\/linitiative.ca\/International\/wp-json\/wp\/v2\/posts"}],"about":[{"href":"https:\/\/linitiative.ca\/International\/wp-json\/wp\/v2\/types\/post"}],"author":[{"embeddable":true,"href":"https:\/\/linitiative.ca\/International\/wp-json\/wp\/v2\/users\/1965"}],"replies":[{"embeddable":true,"href":"https:\/\/linitiative.ca\/International\/wp-json\/wp\/v2\/comments?post=142349"}],"version-history":[{"count":0,"href":"https:\/\/linitiative.ca\/International\/wp-json\/wp\/v2\/posts\/142349\/revisions"}],"wp:attachment":[{"href":"https:\/\/linitiative.ca\/International\/wp-json\/wp\/v2\/media?parent=142349"}],"wp:term":[{"taxonomy":"category","embeddable":true,"href":"https:\/\/linitiative.ca\/International\/wp-json\/wp\/v2\/categories?post=142349"},{"taxonomy":"post_tag","embeddable":true,"href":"https:\/\/linitiative.ca\/International\/wp-json\/wp\/v2\/tags?post=142349"}],"curies":[{"name":"wp","href":"https:\/\/api.w.org\/{rel}","templated":true}]}}