{"id":142352,"date":"2022-03-04T03:01:29","date_gmt":"2022-03-04T08:01:29","guid":{"rendered":"https:\/\/linitiative.ca\/International\/insecurite-alimentaire-le-port-de-kribi-et-liita-vont-creer-des-centres-dexcellence-agricoles-dans-la-region-du-sud\/"},"modified":"2022-03-04T03:01:29","modified_gmt":"2022-03-04T08:01:29","slug":"insecurite-alimentaire-le-port-de-kribi-et-liita-vont-creer-des-centres-dexcellence-agricoles-dans-la-region-du-sud","status":"publish","type":"post","link":"https:\/\/linitiative.ca\/International\/insecurite-alimentaire-le-port-de-kribi-et-liita-vont-creer-des-centres-dexcellence-agricoles-dans-la-region-du-sud\/","title":{"rendered":"Ins\u00e9curit\u00e9 alimentaire\u00a0: le Port de Kribi et l\u2019IITA vont cr\u00e9er des centres d\u2019excellence agricoles dans la r\u00e9gion du Sud"},"content":{"rendered":"<div>\n<p>Le 25 f\u00e9vrier 2022, le Port Autonome de Kribi (PAK) et l\u2019Institut Internationale de l\u2019Agriculture Tropical (IITA) ont paraph\u00e9 un accord de partenariat, a appris EcoMatin de l\u2019entreprise publique. Le minist\u00e8re de l\u2019Agriculture et du D\u00e9veloppement Rural (Minader), bras s\u00e9culier du gouvernement en mati\u00e8re d\u2019agriculture est partie prenante \u00e0 l\u2019accord. \u00ab C\u2019est une signature qui ouvre une nouvelle \u00e8re non seulement pour la ville de Kribi mais aussi pour l\u2019agriculture camerounaise\u00bb, indiquait le ministre camerounais de l\u2019Agriculture et du D\u00e9veloppement Rural Gabriel Mbairobe \u00e0 la sortie de la signature de convention.<\/p>\n<p><strong>Lire aussi<\/strong> : <strong><a href=\"https:\/\/ecomatin.net\/insecurite-alimentaire-une-menace-de-famine-plane-sur-pres-dun-million-de-personnes-a-lextreme-nord\/\">Ins\u00e9curit\u00e9 alimentaire : une menace de famine plane sur pr\u00e8s d\u2019un million de personnes \u00e0 l\u2019Extr\u00eame-nord<\/a><\/strong><\/p>\n<p>L\u2019accord qui court sur une p\u00e9riode de trois ans, vise \u00e0 la cr\u00e9ation des centres d\u2019excellence agricoles dans le d\u00e9partement de l\u2019oc\u00e9an r\u00e9gion du Sud. \u00ab Un engagement social visant \u00e0 garantir l\u2019autosuffisance alimentaire dans une localit\u00e9 qui conna\u00eet une d\u00e9mographie galopante due \u00e0 la mont\u00e9e en puissance du port en eau profonde de Kribi \u00bb, renseigne le Port de Kribi. Pour le Minader, \u00ab cette ceinture agricole vient non seulement r\u00e9pondre au probl\u00e8me de la s\u00e9curit\u00e9 alimentaire mais aussi au probl\u00e8me de chaine d\u2019approvisionnement et proposer une diversit\u00e9 agricoles \u00bb.<\/p>\n<p><strong>Lire aussi<\/strong> : <strong><a href=\"https:\/\/ecomatin.net\/le-japon-accorde-1-milliard-de-fcfa-pour-lutter-contre-linsecurite-alimentaire-au-cameroun\/\">Le Japon accorde 1 milliard de Fcfa pour lutter contre l\u2019ins\u00e9curit\u00e9 alimentaire au Cameroun<\/a><\/strong><\/p>\n<p>Concr\u00e8tement, il sera question pour un d\u00e9but de cr\u00e9er deux centres et deux autres \u00e0 partir de la quatri\u00e8me ann\u00e9e. En effet, ces centres sont \u00e0 vocation agricole. Ils disposeront des infrastructures d\u2019accueil et des espaces agricoles pour la production suivant les plans d\u2019affaires \u00e0 mettre en place sur proposition de IITA.\u00a0\u00a0Ils seront fonctionnels suivant leur organisation. En ce qui concerne la capacit\u00e9 de production desdits centres, \u00ab les capacit\u00e9s de production font r\u00e9f\u00e9rence aux plans d\u2019affaires \u00e0 mettre en place. Les activit\u00e9s \u00e0 mettre en place \u00e9tant purement technique, la responsabilit\u00e9 revient \u00e0 IITA de faire une ad\u00e9quation entre les pr\u00e9dispositions des centres respectives et les exigences du plan d\u2019affaires \u00e0 mettre en place \u00bb, nous renseigne une source au PAK proche du dossier. Le PAK de son c\u00f4t\u00e9 sera entre autre charg\u00e9 d\u2019incuber les riverains aux activit\u00e9s li\u00e9es aux plans affaires. Il est envisag\u00e9 \u00e0 travers ce projet, la cr\u00e9ation de 120 emplois directs et plus de 3300 emplois indirects.<\/p>\n<p><strong>Lire aussi<\/strong> : <strong><a href=\"https:\/\/ecomatin.net\/la-fao-et-le-feicom-font-front-commun-n-pour-lutter-contre-linsecurite-alimentaire\/\">La FAO et le FEICOM font front commun pour lutter contre l\u2019ins\u00e9curit\u00e9 alimentaire<\/a><\/strong><\/p>\n<p>L\u2019article <a rel=\"nofollow\" href=\"https:\/\/ecomatin.net\/insecurite-alimentaire-le-port-de-kribi-et-liita-vont-t-creer-des-centres-dexcellence-agricoles-dans-la-region-du-sud\/\">Ins\u00e9curit\u00e9 alimentaire\u00a0: le Port de Kribi et l\u2019IITA vont cr\u00e9er des centres d\u2019excellence agricoles dans la r\u00e9gion du Sud<\/a> est apparu en premier sur <a rel=\"nofollow\" href=\"https:\/\/ecomatin.net\/\">EcoMatin<\/a>.<\/p>\n<\/div>\n<p>Auteur: Amina MALLOUM<br \/>\n<a href=\"https:\/\/ecomatin.net\/insecurite-alimentaire-le-port-de-kribi-et-liita-vont-t-creer-des-centres-dexcellence-agricoles-dans-la-region-du-sud\/\">Cliquez ici pour lire l&rsquo;article depuis sa source.<\/a><\/p>\n","protected":false},"excerpt":{"rendered":"<p>Le 25 f\u00e9vrier 2022, le Port Autonome de Kribi (PAK) et l\u2019Institut Internationale de l\u2019Agriculture Tropical (IITA) ont paraph\u00e9 un accord de partenariat, a appris EcoMatin de l\u2019entreprise publique. Le minist\u00e8re de l\u2019Agriculture et du D\u00e9veloppement Rural (Minader), bras s\u00e9culier du gouvernement en mati\u00e8re d\u2019agriculture est partie prenante \u00e0 l\u2019accord. \u00ab C\u2019est une signature qui [&hellip;]<\/p>\n","protected":false},"author":1969,"featured_media":0,"comment_status":"closed","ping_status":"closed","sticky":false,"template":"","format":"standard","meta":{"fifu_image_url":"","fifu_image_alt":"","footnotes":""},"categories":[82,78],"tags":[],"class_list":["post-142352","post","type-post","status-publish","format-standard","hentry","category-cameroun","category-economie"],"_links":{"self":[{"href":"https:\/\/linitiative.ca\/International\/wp-json\/wp\/v2\/posts\/142352","targetHints":{"allow":["GET"]}}],"collection":[{"href":"https:\/\/linitiative.ca\/International\/wp-json\/wp\/v2\/posts"}],"about":[{"href":"https:\/\/linitiative.ca\/International\/wp-json\/wp\/v2\/types\/post"}],"author":[{"embeddable":true,"href":"https:\/\/linitiative.ca\/International\/wp-json\/wp\/v2\/users\/1969"}],"replies":[{"embeddable":true,"href":"https:\/\/linitiative.ca\/International\/wp-json\/wp\/v2\/comments?post=142352"}],"version-history":[{"count":0,"href":"https:\/\/linitiative.ca\/International\/wp-json\/wp\/v2\/posts\/142352\/revisions"}],"wp:attachment":[{"href":"https:\/\/linitiative.ca\/International\/wp-json\/wp\/v2\/media?parent=142352"}],"wp:term":[{"taxonomy":"category","embeddable":true,"href":"https:\/\/linitiative.ca\/International\/wp-json\/wp\/v2\/categories?post=142352"},{"taxonomy":"post_tag","embeddable":true,"href":"https:\/\/linitiative.ca\/International\/wp-json\/wp\/v2\/tags?post=142352"}],"curies":[{"name":"wp","href":"https:\/\/api.w.org\/{rel}","templated":true}]}}