{"id":142355,"date":"2022-03-04T13:44:02","date_gmt":"2022-03-04T18:44:02","guid":{"rendered":"https:\/\/linitiative.ca\/International\/le-7e-congres-national-du-rni-ouvre-ses-travaux\/"},"modified":"2022-03-04T13:44:02","modified_gmt":"2022-03-04T18:44:02","slug":"le-7e-congres-national-du-rni-ouvre-ses-travaux","status":"publish","type":"post","link":"https:\/\/linitiative.ca\/International\/le-7e-congres-national-du-rni-ouvre-ses-travaux\/","title":{"rendered":"Le 7\u00e8 Congr\u00e8s national du RNI ouvre ses travaux"},"content":{"rendered":"<div>\n<p><img loading=\"lazy\" decoding=\"async\" width=\"300\" height=\"153\" src=\"https:\/\/linitiative.ca\/International\/wp-content\/uploads\/sites\/23\/2022\/03\/Akhannouch-7e-Congres-national-du-RNI-2-300x153-1.jpg\" class=\"attachment-medium size-medium wp-post-image\" alt=\"\" srcset=\"https:\/\/linitiative.ca\/International\/wp-content\/uploads\/sites\/23\/2022\/03\/Akhannouch-7e-Congres-national-du-RNI-2-300x153-1.jpg 300w, https:\/\/aujourdhui.ma\/wp-content\/uploads\/2022\/03\/Akhannouch-7e-Congres-national-du-RNI-2-274x140.jpg 274w, https:\/\/aujourdhui.ma\/wp-content\/uploads\/2022\/03\/Akhannouch-7e-Congres-national-du-RNI-2.jpg 746w, https:\/\/aujourdhui.ma\/wp-content\/uploads\/2022\/03\/Akhannouch-7e-Congres-national-du-RNI-2-165x84.jpg 165w, https:\/\/aujourdhui.ma\/wp-content\/uploads\/2022\/03\/Akhannouch-7e-Congres-national-du-RNI-2-702x358.jpg 702w\" sizes=\"auto, (max-width: 300px) 100vw, 300px\"><\/p>\n<p><span style=\"font-size: 20px; color: #800000;\"><strong>Le 7\u00e8 Congr\u00e8s national du Rassemblement National des Ind\u00e9pendants (RNI) s\u2019est ouvert, vendredi \u00e0 Rabat, avec la participation de pr\u00e8s de 3.000 congressistes repr\u00e9sentant diff\u00e9rentes provinces du Royaume.<\/strong><\/span><span id=\"more-401535\"><\/span><\/p>\n<p>Organis\u00e9 sous le th\u00e8me \u00ab\u00a0La voie du d\u00e9veloppement\u00a0\u00bb, ce Congr\u00e8s se tient les 4 et 5 mars en format hybride, en pr\u00e9sentiel et en mode virtuel, \u00e0 travers une plateforme principale et 12 plateformes r\u00e9gionales outre deux plateformes \u00e0 l\u2019\u00e9tranger permettant de suivre les travaux.<\/p>\n<p>A l\u2019ordre du jour de la premi\u00e8re journ\u00e9e du Congr\u00e8s figurent la diffusion d\u2019un film institutionnel, une intervention du chef du parti, les interventions des invit\u00e9s du parti et le d\u00e9but des travaux du Congr\u00e8s au niveau des commissions, (Commission des affaires juridiques, commission des affaires financi\u00e8res et commission des affaires politiques et du programme du parti).<\/p>\n<p><img loading=\"lazy\" decoding=\"async\" class=\"aligncenter size-full wp-image-401540\" src=\"https:\/\/linitiative.ca\/International\/wp-content\/uploads\/sites\/23\/2022\/03\/Akhannouch-7e-Congres-national-du-RNI-4.jpg\" alt=\"\" width=\"746\" height=\"380\" srcset=\"https:\/\/linitiative.ca\/International\/wp-content\/uploads\/sites\/23\/2022\/03\/Akhannouch-7e-Congres-national-du-RNI-4.jpg 746w, https:\/\/aujourdhui.ma\/wp-content\/uploads\/2022\/03\/Akhannouch-7e-Congres-national-du-RNI-4-300x153.jpg 300w, https:\/\/aujourdhui.ma\/wp-content\/uploads\/2022\/03\/Akhannouch-7e-Congres-national-du-RNI-4-274x140.jpg 274w, https:\/\/aujourdhui.ma\/wp-content\/uploads\/2022\/03\/Akhannouch-7e-Congres-national-du-RNI-4-165x84.jpg 165w, https:\/\/aujourdhui.ma\/wp-content\/uploads\/2022\/03\/Akhannouch-7e-Congres-national-du-RNI-4-702x358.jpg 702w\" sizes=\"auto, (max-width: 746px) 100vw, 746px\"><\/p>\n<p>La deuxi\u00e8me journ\u00e9e sera, elle, marqu\u00e9e par la pr\u00e9sentation des rapports des commissions et l\u2019approbation des rapports financiers du parti, de son programme et du projet de son r\u00e8glement int\u00e9rieur avant le lancement de l\u2019op\u00e9ration d\u2019\u00e9lection du pr\u00e9sident.<\/p>\n<p>Sont \u00e9galement pr\u00e9vues, une r\u00e9union du Conseil national, l\u2019approbation du r\u00e8glement int\u00e9rieur ainsi que des listes des commissions r\u00e9gionales et nationales de discipline et d\u2019arbitrage et l\u2019\u00e9lection des membres de la commission de contr\u00f4le financier du parti, de la commission de la parit\u00e9 et de l\u2019\u00e9galit\u00e9 des chances et des membres de la commission en charge des Marocains r\u00e9sidant \u00e0 l\u2019\u00e9tranger. Il sera aussi proc\u00e9d\u00e9 \u00e0 la pr\u00e9sentation et l\u2019approbation du budget du parti pour l\u2019ann\u00e9e 2022.<\/p>\n<p><img loading=\"lazy\" decoding=\"async\" class=\"aligncenter size-full wp-image-401537\" src=\"https:\/\/linitiative.ca\/International\/wp-content\/uploads\/sites\/23\/2022\/03\/Akhannouch-7e-Congres-national-du-RNI-1.jpg\" alt=\"\" width=\"746\" height=\"380\" srcset=\"https:\/\/linitiative.ca\/International\/wp-content\/uploads\/sites\/23\/2022\/03\/Akhannouch-7e-Congres-national-du-RNI-1.jpg 746w, https:\/\/aujourdhui.ma\/wp-content\/uploads\/2022\/03\/Akhannouch-7e-Congres-national-du-RNI-1-300x153.jpg 300w, https:\/\/aujourdhui.ma\/wp-content\/uploads\/2022\/03\/Akhannouch-7e-Congres-national-du-RNI-1-274x140.jpg 274w, https:\/\/aujourdhui.ma\/wp-content\/uploads\/2022\/03\/Akhannouch-7e-Congres-national-du-RNI-1-165x84.jpg 165w, https:\/\/aujourdhui.ma\/wp-content\/uploads\/2022\/03\/Akhannouch-7e-Congres-national-du-RNI-1-702x358.jpg 702w\" sizes=\"auto, (max-width: 746px) 100vw, 746px\"><\/p>\n<p>Au menu de ce congr\u00e8s figurent aussi l\u2019adoption des organisations parall\u00e8les, la pr\u00e9sentation de la liste du Bureau politique, l\u2019\u00e9lection de ses membres, avant la cl\u00f4ture de ce 7\u00e8me congr\u00e8s national du parti.<\/p>\n<p><img loading=\"lazy\" decoding=\"async\" class=\"aligncenter size-full wp-image-401536\" src=\"https:\/\/linitiative.ca\/International\/wp-content\/uploads\/sites\/23\/2022\/03\/Akhannouch-7e-Congres-national-du-RNI.jpg\" alt=\"\" width=\"746\" height=\"380\" srcset=\"https:\/\/linitiative.ca\/International\/wp-content\/uploads\/sites\/23\/2022\/03\/Akhannouch-7e-Congres-national-du-RNI.jpg 746w, https:\/\/aujourdhui.ma\/wp-content\/uploads\/2022\/03\/Akhannouch-7e-Congres-national-du-RNI-300x153.jpg 300w, https:\/\/aujourdhui.ma\/wp-content\/uploads\/2022\/03\/Akhannouch-7e-Congres-national-du-RNI-274x140.jpg 274w, https:\/\/aujourdhui.ma\/wp-content\/uploads\/2022\/03\/Akhannouch-7e-Congres-national-du-RNI-165x84.jpg 165w, https:\/\/aujourdhui.ma\/wp-content\/uploads\/2022\/03\/Akhannouch-7e-Congres-national-du-RNI-702x358.jpg 702w\" sizes=\"auto, (max-width: 746px) 100vw, 746px\"> <img loading=\"lazy\" decoding=\"async\" class=\"aligncenter size-full wp-image-401539\" src=\"https:\/\/linitiative.ca\/International\/wp-content\/uploads\/sites\/23\/2022\/03\/Akhannouch-7e-Congres-national-du-RNI-3.jpg\" alt=\"\" width=\"746\" height=\"380\" srcset=\"https:\/\/linitiative.ca\/International\/wp-content\/uploads\/sites\/23\/2022\/03\/Akhannouch-7e-Congres-national-du-RNI-3.jpg 746w, https:\/\/aujourdhui.ma\/wp-content\/uploads\/2022\/03\/Akhannouch-7e-Congres-national-du-RNI-3-300x153.jpg 300w, https:\/\/aujourdhui.ma\/wp-content\/uploads\/2022\/03\/Akhannouch-7e-Congres-national-du-RNI-3-274x140.jpg 274w, https:\/\/aujourdhui.ma\/wp-content\/uploads\/2022\/03\/Akhannouch-7e-Congres-national-du-RNI-3-165x84.jpg 165w, https:\/\/aujourdhui.ma\/wp-content\/uploads\/2022\/03\/Akhannouch-7e-Congres-national-du-RNI-3-702x358.jpg 702w\" sizes=\"auto, (max-width: 746px) 100vw, 746px\"><\/p>\n<\/div>\n<p>Auteur: ALM<br \/>\n<a href=\"https:\/\/aujourdhui.ma\/politique\/le-7e-congres-national-du-rni-ouvre-ses-travaux\">Cliquez ici pour lire l&rsquo;article depuis sa source.<\/a><\/p>\n","protected":false},"excerpt":{"rendered":"<p>Le 7\u00e8 Congr\u00e8s national du Rassemblement National des Ind\u00e9pendants (RNI) s\u2019est ouvert, vendredi \u00e0 Rabat, avec la participation de pr\u00e8s de 3.000 congressistes repr\u00e9sentant diff\u00e9rentes provinces du Royaume. Organis\u00e9 sous le th\u00e8me \u00ab\u00a0La voie du d\u00e9veloppement\u00a0\u00bb, ce Congr\u00e8s se tient les 4 et 5 mars en format hybride, en pr\u00e9sentiel et en mode virtuel, \u00e0 [&hellip;]<\/p>\n","protected":false},"author":1759,"featured_media":0,"comment_status":"closed","ping_status":"closed","sticky":false,"template":"","format":"standard","meta":{"fifu_image_url":"https:\/\/aujourdhui.ma\/wp-content\/uploads\/2022\/03\/Akhannouch-7e-Congres-national-du-RNI-2-300x153.jpg","fifu_image_alt":"Le 7\u00e8 Congr\u00e8s national du RNI ouvre ses travaux","footnotes":""},"categories":[73,54],"tags":[],"class_list":["post-142355","post","type-post","status-publish","format-standard","hentry","category-actualite","category-maroc"],"_links":{"self":[{"href":"https:\/\/linitiative.ca\/International\/wp-json\/wp\/v2\/posts\/142355","targetHints":{"allow":["GET"]}}],"collection":[{"href":"https:\/\/linitiative.ca\/International\/wp-json\/wp\/v2\/posts"}],"about":[{"href":"https:\/\/linitiative.ca\/International\/wp-json\/wp\/v2\/types\/post"}],"author":[{"embeddable":true,"href":"https:\/\/linitiative.ca\/International\/wp-json\/wp\/v2\/users\/1759"}],"replies":[{"embeddable":true,"href":"https:\/\/linitiative.ca\/International\/wp-json\/wp\/v2\/comments?post=142355"}],"version-history":[{"count":0,"href":"https:\/\/linitiative.ca\/International\/wp-json\/wp\/v2\/posts\/142355\/revisions"}],"wp:attachment":[{"href":"https:\/\/linitiative.ca\/International\/wp-json\/wp\/v2\/media?parent=142355"}],"wp:term":[{"taxonomy":"category","embeddable":true,"href":"https:\/\/linitiative.ca\/International\/wp-json\/wp\/v2\/categories?post=142355"},{"taxonomy":"post_tag","embeddable":true,"href":"https:\/\/linitiative.ca\/International\/wp-json\/wp\/v2\/tags?post=142355"}],"curies":[{"name":"wp","href":"https:\/\/api.w.org\/{rel}","templated":true}]}}