{"id":142361,"date":"2022-03-05T04:00:38","date_gmt":"2022-03-05T09:00:38","guid":{"rendered":"https:\/\/linitiative.ca\/International\/les-humains-sont-de-moins-en-moins-intelligents\/"},"modified":"2022-03-05T04:00:38","modified_gmt":"2022-03-05T09:00:38","slug":"les-humains-sont-de-moins-en-moins-intelligents","status":"publish","type":"post","link":"https:\/\/linitiative.ca\/International\/les-humains-sont-de-moins-en-moins-intelligents\/","title":{"rendered":"Les humains sont de moins en moins intelligents"},"content":{"rendered":"<div>\n<p><img loading=\"lazy\" decoding=\"async\" width=\"300\" height=\"153\" src=\"https:\/\/linitiative.ca\/International\/wp-content\/uploads\/sites\/23\/2022\/03\/Dr-Imane-Kendili-300x153-1.jpg\" class=\"attachment-medium size-medium wp-post-image\" alt=\"\" srcset=\"https:\/\/linitiative.ca\/International\/wp-content\/uploads\/sites\/23\/2022\/03\/Dr-Imane-Kendili-300x153-1.jpg 300w, https:\/\/aujourdhui.ma\/wp-content\/uploads\/2020\/05\/Dr-Imane-Kendili-274x140.jpg 274w, https:\/\/aujourdhui.ma\/wp-content\/uploads\/2020\/05\/Dr-Imane-Kendili.jpg 746w, https:\/\/aujourdhui.ma\/wp-content\/uploads\/2020\/05\/Dr-Imane-Kendili-165x84.jpg 165w, https:\/\/aujourdhui.ma\/wp-content\/uploads\/2020\/05\/Dr-Imane-Kendili-702x358.jpg 702w\" sizes=\"auto, (max-width: 300px) 100vw, 300px\"><\/p>\n<p>Les conclusions ne souffrent aucune ombre. Les \u00e9tudes, non plus, ne laissent aucun doute sur la question de l\u2019intelligence humaine aujourd\u2019hui, au XXI\u00e8me si\u00e8cle. Toutes les \u00e9tudes men\u00e9es au monde depuis plus de vingt ans versent dans le m\u00eame sens: l\u2019Homme est devenu moins intelligent. Il est moins intelligent compar\u00e9 \u00e0 l\u2019Homme du XIX\u00e8me si\u00e8cle.<span id=\"more-401519\"><\/span><br \/>\nPire, les vingt derni\u00e8res ann\u00e9es ont enregistr\u00e9 un tr\u00e8s net recul \u00e0 tous les niveaux de l\u2019intelligence. Certains chercheurs comme ceux de l\u2019Ulster Institute of Social Research de Londres pensent que le QI a diminu\u00e9 en raison d\u2019une mauvaise alimentation en g\u00e9n\u00e9ral, ou que les m\u00e9dias sociaux et le bombardement constant d\u2019informations ont eu un impact n\u00e9gatif sur notre capacit\u00e9 \u00e0 nous concentrer et \u00e0 faire attention (ou m\u00eame \u00e0 \u00eatre cr\u00e9atifs), et aussi que nous avons cess\u00e9 de lire des livres sous leur forme traditionnelle.<br \/>\nLes \u00e9tudes vont plus loin et font des comparaisons avec d\u2019autres p\u00e9riodes de l\u2019histoire humaine. Les hommes de la Renaissance \u00e9taient de loin plus cal\u00e9s et plus costauds \u00e0 tous les niveaux. Ils pouvaient exceller dans de nombreux domaines, en m\u00eame temps. Et il n\u2019y a pas que le fameux exemple de L\u00e9onard de Vinci qui atteste cette v\u00e9rit\u00e9.<\/p>\n<p>Elles sont l\u00e9gion les personnes hautement intelligentes, fr\u00f4lant le g\u00e9nie dans divers domaines \u00e0 cette \u00e9poque. Les chercheurs sont all\u00e9s encore plus loin pour confronter la pr\u00e9tendue intelligence humaine du XXI\u00e8me si\u00e8cle avec les hommes dits \u00abpr\u00e9historiques\u00bb vivant dans les grottes. L\u00e0 aussi le verdict est sans appel : les hommes de Lascaux \u00e9taient tr\u00e8s intelligents compar\u00e9s aux hommes en 2021.<br \/>\nLes causes sont multiples. D\u2019abord des g\u00e8nes de moins en moins s\u00e9lectifs et forts. Ensuite, l\u2019industrialisation et les machines ont rendu les humains moins fut\u00e9s \u00e0 trouver par eux-m\u00eames des solutions. Enfin, la technologie est venue achever le travail de sape. Les hommes d\u2019aujourd\u2019hui ne pensent m\u00eame plus. Leurs gadgets High-Tech s\u2019en chargent pour eux. Le cerveau est de plus en plus paresseux mais sollicit\u00e9 pour g\u00e9rer des actes addictifs et r\u00e9p\u00e9titifs, pour suivre des heures de jeu sur des \u00e9crans et voir d\u00e9filer des images. Les recherches dans ce sens ont d\u00e9montr\u00e9 que le cerveau humain fait office aujourd\u2019hui de balayeur d\u2019images sans aucune r\u00e9flexion sur le contenu. Ce d\u00e9fil\u00e9 en continu a des r\u00e9percussions s\u00e9rieuses sur le fonctionnement de la mati\u00e8re grise. De moins en moins de connexion, certaines zones du cerveau restant en sommeil, c\u2019est, peu \u00e0 peu, l\u2019installation d\u2019une routine qui annihile toute tentative de cr\u00e9er. Car intelligence et cr\u00e9ativit\u00e9 vont de pair.<\/p>\n<p>L\u2019exemple de la grand-m\u00e8re, vivant en 1950 \u00e9coutant la radio et passant son temps \u00e0 r\u00e9fl\u00e9chir \u00e0 des solutions fortes pour faciliter son quotidien, compar\u00e9e \u00e0 sa petite-fille, munie de plusieurs smart gadgets, mais plong\u00e9e dans une l\u00e9thargie neuronale, est terrible.<br \/>\nOui, la grand-m\u00e8re, qui n\u2019est peut-\u00eatre m\u00eame pas all\u00e9e sur un banc d\u2019\u00e9cole, est plus intelligente que sa petite-fille qui lit dans plusieurs langues sans en ma\u00eetriser aucune, qui sait utiliser tous les objets de la technologie mise \u00e0 sa disposition, mais souvent incapable de cr\u00e9ativit\u00e9. Dans le tas, il faut pr\u00e9ciser une chose : certaines personnes sont dou\u00e9es pour faire de la musique, d\u2019autres pour monter des motocyclettes\u2026, cela ne fait pas d\u2019elles des personnes intelligentes.<br \/>\nElles sont cr\u00e9atives et r\u00e9actives dans un certain domaine. L\u2019intelligence implique le pouvoir de trouver des solutions \u00e0 des probl\u00e8mes en engageant le moins d\u2019\u00e9nergie et d\u2019efforts possibles. Beaucoup pensent que c\u2019est le contraire. Mais c\u2019est faux, selon toutes les recherches scientifiques men\u00e9es depuis plus d\u2019un si\u00e8cle.<\/p>\n<p>Aujourd\u2019hui, pour la majorit\u00e9 des humains, il faut une somme consid\u00e9rable d\u2019\u00e9nergie pour r\u00e9pondre \u00e0 des questions tr\u00e8s simples. C\u2019est la preuve ultime d\u2019un retard cognitif clair et net. Ce retard se r\u00e9percute dans tous les domaines de la vie. De plus en plus d\u2019\u00e9tudes affirment, sans ambages, que les vingt derni\u00e8res ann\u00e9es ont \u00e9t\u00e9 catastrophiques en termes d\u2019impact sur l\u2019intelligence, surtout chez les enfants. Les t\u00e9l\u00e9phones dits \u00abintelligents\u00bb, les tablettes, les ordinateurs, les gadgets que l\u2019on porte sur soi, montres, bracelets \u00e0 puces et autres trouvailles pour rendre les gens plus d\u00e9pendants et moins cr\u00e9atifs sont mis en cause. Et cela ne fait qu\u2019empirer vu que les inventions vont \u00e0 une vitesse qui d\u00e9passe celles des humains. Avec la crainte s\u00e9rieuse que cette avanc\u00e9e vertigineuse du tout technologique doubl\u00e9 du tout num\u00e9rique et digitalis\u00e9 se retourne de mani\u00e8re n\u00e9faste sur l\u2019avenir de l\u2019humanit\u00e9, qui sera vite d\u00e9pass\u00e9e par ces propres cr\u00e9ations. On le voit d\u00e9j\u00e0 chez la majorit\u00e9 des enfants, entre addictions aux jeux vid\u00e9o, qui font des ravages extr\u00eames et poussent, dans des cas, au suicide, et l\u2019usage prolong\u00e9 des \u00e9crans qui abrutissent et provoquent \u00e0 la fois des d\u00e9pressions nerveuses graves, dans certains cas et des pertes de contr\u00f4le avec des troubles de comportements majeurs, comme la violence, l\u2019agressivit\u00e9 et le retrait social.<\/p>\n<p>Toute cette panoplie d\u2019arguments, auxquels peuvent s\u2019ajouter des centaines d\u2019\u00e9tudes, avec leur lot de conclusions sans appel, pour dire qu\u2019il ne faut pas se leurrer. Nous ne sommes pas plus intelligents que nos anc\u00eatres. Ce n\u2019est certainement pas parce que nous vivons dans des villes de plus en plus num\u00e9ris\u00e9es, avec leur arsenal d\u2019outils high-tech, que nous avons gagn\u00e9 en mati\u00e8re grise. C\u2019est absolument le contraire qui s\u2019est op\u00e9r\u00e9. Et ce n\u2019est que le d\u00e9but de la chute vers la \u00abmachinisation\u00bb du cerveau humain. Une chute qui implique une importante r\u00e9gression des facult\u00e9s humaines \u00e0 contr\u00f4ler leur environnement en ayant la main sur ce qui fait leur v\u00e9cu au quotidien. A ce niveau aussi, les \u00e9tudes font froid dans le dos. Depuis 30 ans, les scientifiques tirent la sonnette d\u2019alarme sur la rupture qui prend corps entre les personnes et leurs environnements multiples. Ce qui fait dire \u00e0 de nombreux chercheurs que dans les vingt prochaines ann\u00e9es, il faut s\u2019attendre \u00e0 des mutations majeures, non seulement au niveau de la perte des capacit\u00e9s intellectuelles intrins\u00e8ques, mais surtout au niveau de la nucl\u00e9arisation des familles.<\/p>\n<p>Une majorit\u00e9 des familles ont atteint un stade d\u2019\u00e9clatement effarant qui n\u2019augure rien de bon pour l\u2019avenir. Familles disloqu\u00e9es, enfants livr\u00e9s \u00e0 la technologie comme rep\u00e8re \u00e9motionnel, parents happ\u00e9s par l\u2019urgence de gagner leur vie en la perdant, noyau familial d\u00e9truit, une vie sociale absente, perte de rep\u00e8res moraux, valeurs humaines en berne, avec z\u00e9ro projection dans l\u2019avenir. C\u2019est un verdict terrible pour une humanit\u00e9 qui a perdu toute attache avec la r\u00e9alit\u00e9. Le virtuel \u00e9tant devenu la norme \u00e0 suivre.<br \/>\nMaintenant comment r\u00e9agir ? Comment trouver la parade pour juguler cette in\u00e9luctable chute dans l\u2019asservissement technologique ?<br \/>\nComment \u00e9chapper \u00e0 la digitalisation de la vie ? Pour les experts, c\u2019est le plus grand d\u00e9fi de l\u2019humanit\u00e9 aujourd\u2019hui.<\/p>\n<p>Comment \u00e9viter l\u2019effondrement de toutes nos valeurs \u00e0 l\u2019horizon 2050 ? Parce que l\u2019effondrement politique, \u00e9conomique et social est d\u00e9j\u00e0 une certitude et une fatalit\u00e9.<br \/>\nEntre th\u00e9ories des survivalistes et penseurs convaincus de notre collapsologie \u00e9minente, il faut attendre et voir. Et c\u2019est pour demain. Partout dans le monde. Sans exception g\u00e9ographique aucune. Certes, c\u2019est un sc\u00e9nario-catastrophe, mais c\u2019est le seul cr\u00e9dible et en vue. Nous avons atteint le dernier stade de notre chute dans l\u2019inconnu. Sauf que cet inconnu porte des stigmates et des scarifications : perte de contr\u00f4le sur soi, soumission \u00e0 la technologie, abandon du libre arbitre, acceptation de l\u2019asservissement, fonte dans le virtuel. Autrement dit, c\u2019est la fin de l\u2019humanit\u00e9 telle que nous l\u2019avons connue pour donner corps \u00e0 une forme hybride, un m\u00e9lange dangereux d\u2019humains et d\u2019esclaves, soumis au digital roi.<\/p>\n<p>Comment lutter ? Comment faire face ? Comment garder une once de notre essence humaine, avec toutes ses fibres divines? Malin qui trouvera la bonne \u00e9quation. Entre-temps, nous devons faire face \u00e0 une technologie tra\u00eetresse, une fausse \u00e9volution doubl\u00e9e d\u2019une fausse \u00abscience\u00bb, le tout d\u00e9clin\u00e9 \u00e0 plusieurs visages, qui nous fait miroiter un monde accessible en un clic. Sauf que pour chaque clic, on perd une partie de notre essence.<\/p>\n<\/div>\n<p>Auteur: ALM<br \/>\n<a href=\"https:\/\/aujourdhui.ma\/chroniques\/les-humains-sont-de-moins-en-moins-intelligents\">Cliquez ici pour lire l&rsquo;article depuis sa source.<\/a><\/p>\n","protected":false},"excerpt":{"rendered":"<p>Les conclusions ne souffrent aucune ombre. Les \u00e9tudes, non plus, ne laissent aucun doute sur la question de l\u2019intelligence humaine aujourd\u2019hui, au XXI\u00e8me si\u00e8cle. Toutes les \u00e9tudes men\u00e9es au monde depuis plus de vingt ans versent dans le m\u00eame sens: l\u2019Homme est devenu moins intelligent. Il est moins intelligent compar\u00e9 \u00e0 l\u2019Homme du XIX\u00e8me si\u00e8cle. [&hellip;]<\/p>\n","protected":false},"author":1759,"featured_media":0,"comment_status":"closed","ping_status":"closed","sticky":false,"template":"","format":"standard","meta":{"fifu_image_url":"https:\/\/aujourdhui.ma\/wp-content\/uploads\/2020\/05\/Dr-Imane-Kendili-300x153.jpg","fifu_image_alt":"Les humains sont de moins en moins intelligents","footnotes":""},"categories":[73,54],"tags":[],"class_list":["post-142361","post","type-post","status-publish","format-standard","hentry","category-actualite","category-maroc"],"_links":{"self":[{"href":"https:\/\/linitiative.ca\/International\/wp-json\/wp\/v2\/posts\/142361","targetHints":{"allow":["GET"]}}],"collection":[{"href":"https:\/\/linitiative.ca\/International\/wp-json\/wp\/v2\/posts"}],"about":[{"href":"https:\/\/linitiative.ca\/International\/wp-json\/wp\/v2\/types\/post"}],"author":[{"embeddable":true,"href":"https:\/\/linitiative.ca\/International\/wp-json\/wp\/v2\/users\/1759"}],"replies":[{"embeddable":true,"href":"https:\/\/linitiative.ca\/International\/wp-json\/wp\/v2\/comments?post=142361"}],"version-history":[{"count":0,"href":"https:\/\/linitiative.ca\/International\/wp-json\/wp\/v2\/posts\/142361\/revisions"}],"wp:attachment":[{"href":"https:\/\/linitiative.ca\/International\/wp-json\/wp\/v2\/media?parent=142361"}],"wp:term":[{"taxonomy":"category","embeddable":true,"href":"https:\/\/linitiative.ca\/International\/wp-json\/wp\/v2\/categories?post=142361"},{"taxonomy":"post_tag","embeddable":true,"href":"https:\/\/linitiative.ca\/International\/wp-json\/wp\/v2\/tags?post=142361"}],"curies":[{"name":"wp","href":"https:\/\/api.w.org\/{rel}","templated":true}]}}