{"id":142390,"date":"2022-03-05T10:54:42","date_gmt":"2022-03-05T15:54:42","guid":{"rendered":"https:\/\/linitiative.ca\/International\/regards-croises-entre-le-maroc-et-la-france-sur-la-lutte-contre-le-sida\/"},"modified":"2022-03-05T10:54:42","modified_gmt":"2022-03-05T15:54:42","slug":"regards-croises-entre-le-maroc-et-la-france-sur-la-lutte-contre-le-sida","status":"publish","type":"post","link":"https:\/\/linitiative.ca\/International\/regards-croises-entre-le-maroc-et-la-france-sur-la-lutte-contre-le-sida\/","title":{"rendered":"Regards crois\u00e9s entre le Maroc et la France sur la lutte contre le Sida"},"content":{"rendered":"<div>\n<div style=\"margin-bottom:20px;\"><img loading=\"lazy\" decoding=\"async\" width=\"750\" height=\"430\" src=\"https:\/\/linitiative.ca\/International\/wp-content\/uploads\/sites\/23\/2022\/03\/essaouira-copier.jpg\" class=\"attachment-post-thumbnail size-post-thumbnail wp-post-image\" alt=\"\" srcset=\"https:\/\/linitiative.ca\/International\/wp-content\/uploads\/sites\/23\/2022\/03\/essaouira-copier.jpg 750w, https:\/\/www.mapmarrakech.ma\/map\/uploads\/2022\/03\/essaouira-copier-300x172.jpg 300w\" sizes=\"auto, (max-width: 750px) 100vw, 750px\"><\/div>\n<p>Organis\u00e9 \u00e0 l\u2019occasion des 40 ans de lutte contre le Sida par le Cercle Eug\u00e8ne Delacroix, en partenariat avec la ville d\u2019Essaouira et Bayt Dakira, ce grand rassemblement se veut l\u2019occasion de mettre en lumi\u00e8re les actions de lutte mises en \u0153uvre au Maroc et en France pour mettre fin \u00e0 la propagation du VIH.<\/p>\n<p>Ce conclave, qui co\u00efncide avec les 20 ans du Fonds mondial, vise essentiellement \u00e0 mettre en lumi\u00e8re les actions des \u00e9lus locaux dans la lutte contre le Sida en France et au Maroc, en collaboration avec \u00c9lus Locaux Contre le Sida, association d\u2019\u00e9lus locaux fran\u00e7ais contre le Sida et l\u2019AIMF, Association Internationale des Maires Francophones.<\/p>\n<p>Cette conf\u00e9rence a \u00e9galement pour objectifs de lancer l\u2019\u00a0\u00bbAppel d\u2019Essaouira\u00a0\u00bb pour alerter les gouvernements et les bailleurs de la sant\u00e9 mondiale sur la n\u00e9cessit\u00e9 de renforcer les moyens dans le financement du Fonds Mondial et d\u2019Unitaid, et enfin, d\u2019apporter un soutien \u00e0 l\u2019Association marocaine de lutte contre le Sida (ALCS) qui r\u00e9alise un travail remarquable au quotidien dans le Royaume.<\/p>\n<p>Il y a 40 ans, le virus de l\u2019immunod\u00e9ficience humaine (VIH) d\u00e9cimait toute une g\u00e9n\u00e9ration en se propageant sur l\u2019ensemble de la plan\u00e8te, et aujourd\u2019hui le virus tue encore, soulignent les organisateurs, relevant que pour la premi\u00e8re fois depuis la cr\u00e9ation du Fonds mondial, il y a 20 ans, la lutte contre le VIH\/sida, a recul\u00e9 en raison du Covid-19, avec des impacts d\u00e9vastateurs qui pourraient se faire sentir \u00e0 long terme.<\/p>\n<p>C\u2019est dans ce contexte qu\u2019intervient cette conf\u00e9rence qui mobilise plusieurs acteurs de la sant\u00e9 mondiale \u00e0 Essaouira op\u00e9rant dans la lutte contre le Sida avec pour but ultime de mettre en valeur les r\u00e9alisations, les actions et les efforts consentis par le Royaume en la mati\u00e8re, a indiqu\u00e9 la vice-pr\u00e9sidente du Cercle Eug\u00e8ne Delacroix, Mme Habiba Bigdade.<\/p>\n<p>De son c\u00f4t\u00e9, le vice-pr\u00e9sident du conseil communal d\u2019Essaouira, Abdelmoutaleb Raja, a mis en avant la pertinence de cette th\u00e9matique toujours d\u2019actualit\u00e9, soulignant que le choix port\u00e9 sur Essaouira pour la tenue de cette importante conf\u00e9rence n\u2019est pas fortuit, mais s\u2019explique par le fait que la lutte contre le Sida compte parmi les valeurs universelles qu\u2019incarne la cit\u00e9 des Aliz\u00e9s.<\/p>\n<p>Pour sa part, la directrice de Bayt Dakira, Mme Ghita Rabouli, a mis en relief les dimensions \u00e0 la fois spirituelle, p\u00e9dagogique et de recherche que rev\u00eat cet espace embl\u00e9matique charg\u00e9 d\u2019histoire et d\u2019enseignements, tout en saluant cette initiative ax\u00e9e sur une th\u00e9matique d\u2019une extr\u00eame importance.<\/p>\n<p>Au menu de cette conf\u00e9rence, figurent trois tables rondes ax\u00e9es sur les th\u00e8mes : \u00ab\u00a0Quelles actions de pr\u00e9vention et de lutte contre les discriminations \u00e0 mettre en place pour favoriser et augmenter le taux de d\u00e9pistage dans toutes les populations cibles\u00a0\u00bb, \u00ab\u00a0Quels dispositifs d\u2019accompagnement des personnes vivant avec le VIH, de l\u2019observance des traitements\u00a0\u00bb et \u00ab\u00a0Comment \u00e9valuer les politiques de pr\u00e9vention et d\u2019accompagnement th\u00e9rapeutique sur un territoire ?: diminution du taux de pr\u00e9valence\u00a0\u00bb.<\/p>\n<p>Cette rencontre r\u00e9unit des \u00e9lus fran\u00e7ais et marocains, des acteurs associatifs mais aussi des m\u00e9decins sp\u00e9cialistes des maladies infectieuses, ainsi que des repr\u00e9sentants de One France, du Fonds Mondial ou encore de l\u2019ONUSIDA.<\/p>\n<p>The post <a rel=\"nofollow\" href=\"https:\/\/www.mapmarrakech.ma\/fr\/regard-croises-entre-le-maroc-et-la-france-sur-la-lutte-contre-le-sida\/\">Regards crois\u00e9s entre le Maroc et la France sur la lutte contre le Sida<\/a> appeared first on <a rel=\"nofollow\" href=\"https:\/\/www.mapmarrakech.ma\/fr\">MapMarrakech<\/a>.<\/p>\n<\/div>\n<p>Auteur: Meriem IGASS<br \/>\n<a href=\"https:\/\/www.mapmarrakech.ma\/fr\/regard-croises-entre-le-maroc-et-la-france-sur-la-lutte-contre-le-sida\/\">Cliquez ici pour lire l&rsquo;article depuis sa source.<\/a><\/p>\n","protected":false},"excerpt":{"rendered":"<p>Organis\u00e9 \u00e0 l\u2019occasion des 40 ans de lutte contre le Sida par le Cercle Eug\u00e8ne Delacroix, en partenariat avec la ville d\u2019Essaouira et Bayt Dakira, ce grand rassemblement se veut l\u2019occasion de mettre en lumi\u00e8re les actions de lutte mises en \u0153uvre au Maroc et en France pour mettre fin \u00e0 la propagation du VIH. [&hellip;]<\/p>\n","protected":false},"author":1788,"featured_media":0,"comment_status":"closed","ping_status":"closed","sticky":false,"template":"","format":"standard","meta":{"fifu_image_url":"https:\/\/www.mapmarrakech.ma\/map\/uploads\/2022\/03\/essaouira-copier.jpg","fifu_image_alt":"Regards crois\u00e9s entre le Maroc et la France sur la lutte contre le Sida","footnotes":""},"categories":[54,76],"tags":[],"class_list":["post-142390","post","type-post","status-publish","format-standard","hentry","category-maroc","category-regions"],"_links":{"self":[{"href":"https:\/\/linitiative.ca\/International\/wp-json\/wp\/v2\/posts\/142390","targetHints":{"allow":["GET"]}}],"collection":[{"href":"https:\/\/linitiative.ca\/International\/wp-json\/wp\/v2\/posts"}],"about":[{"href":"https:\/\/linitiative.ca\/International\/wp-json\/wp\/v2\/types\/post"}],"author":[{"embeddable":true,"href":"https:\/\/linitiative.ca\/International\/wp-json\/wp\/v2\/users\/1788"}],"replies":[{"embeddable":true,"href":"https:\/\/linitiative.ca\/International\/wp-json\/wp\/v2\/comments?post=142390"}],"version-history":[{"count":0,"href":"https:\/\/linitiative.ca\/International\/wp-json\/wp\/v2\/posts\/142390\/revisions"}],"wp:attachment":[{"href":"https:\/\/linitiative.ca\/International\/wp-json\/wp\/v2\/media?parent=142390"}],"wp:term":[{"taxonomy":"category","embeddable":true,"href":"https:\/\/linitiative.ca\/International\/wp-json\/wp\/v2\/categories?post=142390"},{"taxonomy":"post_tag","embeddable":true,"href":"https:\/\/linitiative.ca\/International\/wp-json\/wp\/v2\/tags?post=142390"}],"curies":[{"name":"wp","href":"https:\/\/api.w.org\/{rel}","templated":true}]}}